{"id":2748,"date":"2025-10-21T12:08:21","date_gmt":"2025-10-21T11:08:21","guid":{"rendered":"https:\/\/www.radiomais.ao\/?p=2748"},"modified":"2025-10-21T12:08:21","modified_gmt":"2025-10-21T11:08:21","slug":"diagnostico-do-sector-de-aviacao-e-avaliado-amanha-em-luanda","status":"publish","type":"post","link":"https:\/\/www.radiomais.ao\/index.php\/2025\/10\/21\/diagnostico-do-sector-de-aviacao-e-avaliado-amanha-em-luanda\/","title":{"rendered":"Diagn\u00f3stico do sector de avia\u00e7\u00e3o \u00e9 avaliado amanh\u00e3 em Luanda."},"content":{"rendered":"\n<p>O evento estrat\u00e9gico visa criar um espa\u00e7o de discuss\u00e3o t\u00e9cnica para, para entre outros objectivos, avaliar o desempenho operacional, regulat\u00f3rio, financeiro e estrat\u00e9gico do sector, identificar desafios e oportunidades de crescimento e definir planos de ac\u00e7\u00e3o conjunta para o desenvolvimento do transporte a\u00e9reo. Fonte <strong><em><a href=\"https:\/\/www.opais.ao\/economia\/diagnostico-do-sector-de-aviacao-e-avaliado-amanha-em-luanda\/\">Opa\u00eds<\/a><\/em><\/strong><\/p>\n","protected":false},"excerpt":{"rendered":"<p>O evento estrat\u00e9gico visa criar um espa\u00e7o de discuss\u00e3o t\u00e9cnica para, para entre outros objectivos, avaliar o desempenho operacional, regulat\u00f3rio, financeiro e estrat\u00e9gico do sector, identificar desafios e oportunidades de crescimento e definir planos de ac\u00e7\u00e3o conjunta para o desenvolvimento do transporte a\u00e9reo. Fonte Opa\u00eds<\/p>\n","protected":false},"author":3,"featured_media":2749,"comment_status":"open","ping_status":"open","sticky":false,"template":"","format":"standard","meta":{"footnotes":""},"categories":[16],"tags":[998,997],"class_list":["post-2748","post","type-post","status-publish","format-standard","has-post-thumbnail","hentry","category-actualidade","tag-avaliacao","tag-diagnostico-sector-de-aviacao"],"blocksy_meta":[],"_links":{"self":[{"href":"https:\/\/www.radiomais.ao\/index.php\/wp-json\/wp\/v2\/posts\/2748","targetHints":{"allow":["GET"]}}],"collection":[{"href":"https:\/\/www.radiomais.ao\/index.php\/wp-json\/wp\/v2\/posts"}],"about":[{"href":"https:\/\/www.radiomais.ao\/index.php\/wp-json\/wp\/v2\/types\/post"}],"author":[{"embeddable":true,"href":"https:\/\/www.radiomais.ao\/index.php\/wp-json\/wp\/v2\/users\/3"}],"replies":[{"embeddable":true,"href":"https:\/\/www.radiomais.ao\/index.php\/wp-json\/wp\/v2\/comments?post=2748"}],"version-history":[{"count":1,"href":"https:\/\/www.radiomais.ao\/index.php\/wp-json\/wp\/v2\/posts\/2748\/revisions"}],"predecessor-version":[{"id":2750,"href":"https:\/\/www.radiomais.ao\/index.php\/wp-json\/wp\/v2\/posts\/2748\/revisions\/2750"}],"wp:featuredmedia":[{"embeddable":true,"href":"https:\/\/www.radiomais.ao\/index.php\/wp-json\/wp\/v2\/media\/2749"}],"wp:attachment":[{"href":"https:\/\/www.radiomais.ao\/index.php\/wp-json\/wp\/v2\/media?parent=2748"}],"wp:term":[{"taxonomy":"category","embeddable":true,"href":"https:\/\/www.radiomais.ao\/index.php\/wp-json\/wp\/v2\/categories?post=2748"},{"taxonomy":"post_tag","embeddable":true,"href":"https:\/\/www.radiomais.ao\/index.php\/wp-json\/wp\/v2\/tags?post=2748"}],"curies":[{"name":"wp","href":"https:\/\/api.w.org\/{rel}","templated":true}]}}