{"id":2754,"date":"2025-10-21T12:19:00","date_gmt":"2025-10-21T11:19:00","guid":{"rendered":"https:\/\/www.radiomais.ao\/?p=2754"},"modified":"2025-10-21T12:23:10","modified_gmt":"2025-10-21T11:23:10","slug":"autoridades-no-cuito-repudiam-ateamento-de-fogo-no-cemiterio-municipal","status":"publish","type":"post","link":"https:\/\/www.radiomais.ao\/index.php\/2025\/10\/21\/autoridades-no-cuito-repudiam-ateamento-de-fogo-no-cemiterio-municipal\/","title":{"rendered":"Autoridades no Cuito repudiam ateamento de fogo no Cemit\u00e9rio Municipal."},"content":{"rendered":"\n<p>A Administra\u00e7\u00e3o Municipal do Cuito repudiou , esta ter\u00e7a-feira, o acto de ateamento de fogo ocorrido ontem no Cemit\u00e9rio Municipal por indiv\u00edduos n\u00e3o identificados, provocando danos consider\u00e1veis \u00e0 vegeta\u00e7\u00e3o e a v\u00e1rias campas. Fonte<strong><em> <\/em><\/strong><a href=\"https:\/\/www.opais.ao\/ultimas_hora\/autoridades-no-cuito-repudiam-ateamento-de-fogo-no-cemiterio-municipal\/\">Opa\u00eds<\/a><\/p>\n","protected":false},"excerpt":{"rendered":"<p>A Administra\u00e7\u00e3o Municipal do Cuito repudiou , esta ter\u00e7a-feira, o acto de ateamento de fogo ocorrido ontem no Cemit\u00e9rio Municipal por indiv\u00edduos n\u00e3o identificados, provocando danos consider\u00e1veis \u00e0 vegeta\u00e7\u00e3o e a v\u00e1rias campas. Fonte Opa\u00eds<\/p>\n","protected":false},"author":3,"featured_media":2755,"comment_status":"open","ping_status":"open","sticky":false,"template":"","format":"standard","meta":{"footnotes":""},"categories":[16],"tags":[1004,1005,1003],"class_list":["post-2754","post","type-post","status-publish","format-standard","has-post-thumbnail","hentry","category-actualidade","tag-campas","tag-cuito","tag-fogo"],"blocksy_meta":[],"_links":{"self":[{"href":"https:\/\/www.radiomais.ao\/index.php\/wp-json\/wp\/v2\/posts\/2754","targetHints":{"allow":["GET"]}}],"collection":[{"href":"https:\/\/www.radiomais.ao\/index.php\/wp-json\/wp\/v2\/posts"}],"about":[{"href":"https:\/\/www.radiomais.ao\/index.php\/wp-json\/wp\/v2\/types\/post"}],"author":[{"embeddable":true,"href":"https:\/\/www.radiomais.ao\/index.php\/wp-json\/wp\/v2\/users\/3"}],"replies":[{"embeddable":true,"href":"https:\/\/www.radiomais.ao\/index.php\/wp-json\/wp\/v2\/comments?post=2754"}],"version-history":[{"count":4,"href":"https:\/\/www.radiomais.ao\/index.php\/wp-json\/wp\/v2\/posts\/2754\/revisions"}],"predecessor-version":[{"id":2759,"href":"https:\/\/www.radiomais.ao\/index.php\/wp-json\/wp\/v2\/posts\/2754\/revisions\/2759"}],"wp:featuredmedia":[{"embeddable":true,"href":"https:\/\/www.radiomais.ao\/index.php\/wp-json\/wp\/v2\/media\/2755"}],"wp:attachment":[{"href":"https:\/\/www.radiomais.ao\/index.php\/wp-json\/wp\/v2\/media?parent=2754"}],"wp:term":[{"taxonomy":"category","embeddable":true,"href":"https:\/\/www.radiomais.ao\/index.php\/wp-json\/wp\/v2\/categories?post=2754"},{"taxonomy":"post_tag","embeddable":true,"href":"https:\/\/www.radiomais.ao\/index.php\/wp-json\/wp\/v2\/tags?post=2754"}],"curies":[{"name":"wp","href":"https:\/\/api.w.org\/{rel}","templated":true}]}}