{"id":2760,"date":"2025-10-21T12:28:04","date_gmt":"2025-10-21T11:28:04","guid":{"rendered":"https:\/\/www.radiomais.ao\/?p=2760"},"modified":"2025-10-21T12:28:04","modified_gmt":"2025-10-21T11:28:04","slug":"luanda-acolhe-lancamento-do-primeiro-assistente-inteligente-de-facturacao-de-africa","status":"publish","type":"post","link":"https:\/\/www.radiomais.ao\/index.php\/2025\/10\/21\/luanda-acolhe-lancamento-do-primeiro-assistente-inteligente-de-facturacao-de-africa\/","title":{"rendered":"Luanda acolhe lan\u00e7amento do primeiro assistente inteligente de factura\u00e7\u00e3o de \u00c1frica."},"content":{"rendered":"\n<p>A capital do pa\u00eds vai ser palco, no pr\u00f3ximo dia 1 de Novembro do corrente ano, do lan\u00e7amento do Primeiro Assistente Inteligente de Factura\u00e7\u00e3o de \u00c1frica\u2014 S\u00edlica GPT. Fonte <strong><em><a href=\"https:\/\/www.opais.ao\/ultimas_hora\/luanda-acolhe-lancamento-do-primeiro-assistente-inteligente-de-facturacao-de-africa\/\">Opa\u00eds<\/a><\/em><\/strong><\/p>\n","protected":false},"excerpt":{"rendered":"<p>A capital do pa\u00eds vai ser palco, no pr\u00f3ximo dia 1 de Novembro do corrente ano, do lan\u00e7amento do Primeiro Assistente Inteligente de Factura\u00e7\u00e3o de \u00c1frica\u2014 S\u00edlica GPT. Fonte Opa\u00eds<\/p>\n","protected":false},"author":3,"featured_media":2761,"comment_status":"open","ping_status":"open","sticky":false,"template":"","format":"standard","meta":{"footnotes":""},"categories":[16],"tags":[1006,1007,87],"class_list":["post-2760","post","type-post","status-publish","format-standard","has-post-thumbnail","hentry","category-actualidade","tag-1o-lancamento","tag-assistente-inteligente","tag-luanda"],"blocksy_meta":[],"_links":{"self":[{"href":"https:\/\/www.radiomais.ao\/index.php\/wp-json\/wp\/v2\/posts\/2760","targetHints":{"allow":["GET"]}}],"collection":[{"href":"https:\/\/www.radiomais.ao\/index.php\/wp-json\/wp\/v2\/posts"}],"about":[{"href":"https:\/\/www.radiomais.ao\/index.php\/wp-json\/wp\/v2\/types\/post"}],"author":[{"embeddable":true,"href":"https:\/\/www.radiomais.ao\/index.php\/wp-json\/wp\/v2\/users\/3"}],"replies":[{"embeddable":true,"href":"https:\/\/www.radiomais.ao\/index.php\/wp-json\/wp\/v2\/comments?post=2760"}],"version-history":[{"count":1,"href":"https:\/\/www.radiomais.ao\/index.php\/wp-json\/wp\/v2\/posts\/2760\/revisions"}],"predecessor-version":[{"id":2762,"href":"https:\/\/www.radiomais.ao\/index.php\/wp-json\/wp\/v2\/posts\/2760\/revisions\/2762"}],"wp:featuredmedia":[{"embeddable":true,"href":"https:\/\/www.radiomais.ao\/index.php\/wp-json\/wp\/v2\/media\/2761"}],"wp:attachment":[{"href":"https:\/\/www.radiomais.ao\/index.php\/wp-json\/wp\/v2\/media?parent=2760"}],"wp:term":[{"taxonomy":"category","embeddable":true,"href":"https:\/\/www.radiomais.ao\/index.php\/wp-json\/wp\/v2\/categories?post=2760"},{"taxonomy":"post_tag","embeddable":true,"href":"https:\/\/www.radiomais.ao\/index.php\/wp-json\/wp\/v2\/tags?post=2760"}],"curies":[{"name":"wp","href":"https:\/\/api.w.org\/{rel}","templated":true}]}}