{"id":2766,"date":"2025-10-21T12:36:17","date_gmt":"2025-10-21T11:36:17","guid":{"rendered":"https:\/\/www.radiomais.ao\/?p=2766"},"modified":"2025-10-21T12:36:17","modified_gmt":"2025-10-21T11:36:17","slug":"cidadaos-matam-o-amigo-com-golpes-de-tesoura-no-uige","status":"publish","type":"post","link":"https:\/\/www.radiomais.ao\/index.php\/2025\/10\/21\/cidadaos-matam-o-amigo-com-golpes-de-tesoura-no-uige\/","title":{"rendered":"Cidad\u00e3os matam o amigo com golpes de tesoura no U\u00edge."},"content":{"rendered":"\n<p>Dois cidad\u00e3os nacionais, com idades compreendidas entre os 20 e 21 anos, foram detidos pelo Servi\u00e7o de Investiga\u00e7\u00e3o Criminal (SIC) na prov\u00edncia do U\u00edge, por suspeita de envolvimento no homic\u00eddio qualificado de um jovem identificado como Di\u00f3genes Ad\u00e9rito, de 21 anos, ocorrido no \u00faltimo domingo, 19 de Outubro. Fonte <strong><em><a href=\"https:\/\/www.opais.ao\/sociedade\/cidadaos-matam-o-amigo-com-golpes-de-tesoura-no-uige\/\">Opa\u00eds<\/a><\/em><\/strong><\/p>\n","protected":false},"excerpt":{"rendered":"<p>Dois cidad\u00e3os nacionais, com idades compreendidas entre os 20 e 21 anos, foram detidos pelo Servi\u00e7o de Investiga\u00e7\u00e3o Criminal (SIC) na prov\u00edncia do U\u00edge, por suspeita de envolvimento no homic\u00eddio qualificado de um jovem identificado como Di\u00f3genes Ad\u00e9rito, de 21 anos, ocorrido no \u00faltimo domingo, 19 de Outubro. Fonte Opa\u00eds<\/p>\n","protected":false},"author":3,"featured_media":2767,"comment_status":"open","ping_status":"open","sticky":false,"template":"","format":"standard","meta":{"footnotes":""},"categories":[16],"tags":[1011,630,1010],"class_list":["post-2766","post","type-post","status-publish","format-standard","has-post-thumbnail","hentry","category-actualidade","tag-amigo-no-uige","tag-cidadaos","tag-matam-a-golpes-de-tesoura"],"blocksy_meta":[],"_links":{"self":[{"href":"https:\/\/www.radiomais.ao\/index.php\/wp-json\/wp\/v2\/posts\/2766","targetHints":{"allow":["GET"]}}],"collection":[{"href":"https:\/\/www.radiomais.ao\/index.php\/wp-json\/wp\/v2\/posts"}],"about":[{"href":"https:\/\/www.radiomais.ao\/index.php\/wp-json\/wp\/v2\/types\/post"}],"author":[{"embeddable":true,"href":"https:\/\/www.radiomais.ao\/index.php\/wp-json\/wp\/v2\/users\/3"}],"replies":[{"embeddable":true,"href":"https:\/\/www.radiomais.ao\/index.php\/wp-json\/wp\/v2\/comments?post=2766"}],"version-history":[{"count":1,"href":"https:\/\/www.radiomais.ao\/index.php\/wp-json\/wp\/v2\/posts\/2766\/revisions"}],"predecessor-version":[{"id":2768,"href":"https:\/\/www.radiomais.ao\/index.php\/wp-json\/wp\/v2\/posts\/2766\/revisions\/2768"}],"wp:featuredmedia":[{"embeddable":true,"href":"https:\/\/www.radiomais.ao\/index.php\/wp-json\/wp\/v2\/media\/2767"}],"wp:attachment":[{"href":"https:\/\/www.radiomais.ao\/index.php\/wp-json\/wp\/v2\/media?parent=2766"}],"wp:term":[{"taxonomy":"category","embeddable":true,"href":"https:\/\/www.radiomais.ao\/index.php\/wp-json\/wp\/v2\/categories?post=2766"},{"taxonomy":"post_tag","embeddable":true,"href":"https:\/\/www.radiomais.ao\/index.php\/wp-json\/wp\/v2\/tags?post=2766"}],"curies":[{"name":"wp","href":"https:\/\/api.w.org\/{rel}","templated":true}]}}