{"id":2769,"date":"2025-10-21T12:40:23","date_gmt":"2025-10-21T11:40:23","guid":{"rendered":"https:\/\/www.radiomais.ao\/?p=2769"},"modified":"2025-10-21T12:40:23","modified_gmt":"2025-10-21T11:40:23","slug":"morre-aos-73-anos-charles-bois-poaty-vitima-de-doenca","status":"publish","type":"post","link":"https:\/\/www.radiomais.ao\/index.php\/2025\/10\/21\/morre-aos-73-anos-charles-bois-poaty-vitima-de-doenca\/","title":{"rendered":"Morre aos 73 anos Charles Bois Poaty v\u00edtima de doen\u00e7a."},"content":{"rendered":"\n<p>Segundo fontes familiares, o artista ter\u00e1 dado entrada \u00e0quela unidade hospitalar em estado grave na madrugada desta segunda-feira, e, dentro de poucas horas, sucumbido por raz\u00f5es ainda por se esclarecer. Fonte<strong><em><a href=\"https:\/\/www.opais.ao\/cultura\/morre-aos-73-anos-charles-bois-poaty-vitima-de-doenca\/\"> Opa\u00eds<\/a><\/em><\/strong><\/p>\n\n\n\n<p><\/p>\n","protected":false},"excerpt":{"rendered":"<p>Segundo fontes familiares, o artista ter\u00e1 dado entrada \u00e0quela unidade hospitalar em estado grave na madrugada desta segunda-feira, e, dentro de poucas horas, sucumbido por raz\u00f5es ainda por se esclarecer. Fonte Opa\u00eds<\/p>\n","protected":false},"author":3,"featured_media":2771,"comment_status":"open","ping_status":"open","sticky":false,"template":"","format":"standard","meta":{"footnotes":""},"categories":[16],"tags":[1014,1012,1013],"class_list":["post-2769","post","type-post","status-publish","format-standard","has-post-thumbnail","hentry","category-actualidade","tag-73-anos","tag-charles-bois-puaty","tag-morre"],"blocksy_meta":[],"_links":{"self":[{"href":"https:\/\/www.radiomais.ao\/index.php\/wp-json\/wp\/v2\/posts\/2769","targetHints":{"allow":["GET"]}}],"collection":[{"href":"https:\/\/www.radiomais.ao\/index.php\/wp-json\/wp\/v2\/posts"}],"about":[{"href":"https:\/\/www.radiomais.ao\/index.php\/wp-json\/wp\/v2\/types\/post"}],"author":[{"embeddable":true,"href":"https:\/\/www.radiomais.ao\/index.php\/wp-json\/wp\/v2\/users\/3"}],"replies":[{"embeddable":true,"href":"https:\/\/www.radiomais.ao\/index.php\/wp-json\/wp\/v2\/comments?post=2769"}],"version-history":[{"count":1,"href":"https:\/\/www.radiomais.ao\/index.php\/wp-json\/wp\/v2\/posts\/2769\/revisions"}],"predecessor-version":[{"id":2772,"href":"https:\/\/www.radiomais.ao\/index.php\/wp-json\/wp\/v2\/posts\/2769\/revisions\/2772"}],"wp:featuredmedia":[{"embeddable":true,"href":"https:\/\/www.radiomais.ao\/index.php\/wp-json\/wp\/v2\/media\/2771"}],"wp:attachment":[{"href":"https:\/\/www.radiomais.ao\/index.php\/wp-json\/wp\/v2\/media?parent=2769"}],"wp:term":[{"taxonomy":"category","embeddable":true,"href":"https:\/\/www.radiomais.ao\/index.php\/wp-json\/wp\/v2\/categories?post=2769"},{"taxonomy":"post_tag","embeddable":true,"href":"https:\/\/www.radiomais.ao\/index.php\/wp-json\/wp\/v2\/tags?post=2769"}],"curies":[{"name":"wp","href":"https:\/\/api.w.org\/{rel}","templated":true}]}}