{"id":2773,"date":"2025-10-21T12:43:10","date_gmt":"2025-10-21T11:43:10","guid":{"rendered":"https:\/\/www.radiomais.ao\/?p=2773"},"modified":"2025-10-21T12:43:10","modified_gmt":"2025-10-21T11:43:10","slug":"comboios-para-o-novo-aeroporto-retomam-em-breve","status":"publish","type":"post","link":"https:\/\/www.radiomais.ao\/index.php\/2025\/10\/21\/comboios-para-o-novo-aeroporto-retomam-em-breve\/","title":{"rendered":"Comboios para o novo aeroporto retomam em breve."},"content":{"rendered":"\n<p>Os comboios dos Caminhos de Ferro de Luanda (CFL), no trajecto Esta\u00e7\u00e3o do Bungo\/ Terminal ferrovi\u00e1rio do Aeroporto Internacional Dr Agostinho Neto (AIAAN), devem retomar a circula\u00e7\u00e3o regular dos servi\u00e7os, em breve, t\u00e3o logo terminem as obras de requalifica\u00e7\u00e3o e asseguramento deste tro\u00e7o ferrovi\u00e1rio. Fonte <strong><em><a href=\"https:\/\/www.opais.ao\/cultura\/comboios-para-o-novo-aeroporto-retomam-em-breve\/\">Opa\u00eds<\/a><\/em><\/strong><\/p>\n","protected":false},"excerpt":{"rendered":"<p>Os comboios dos Caminhos de Ferro de Luanda (CFL), no trajecto Esta\u00e7\u00e3o do Bungo\/ Terminal ferrovi\u00e1rio do Aeroporto Internacional Dr Agostinho Neto (AIAAN), devem retomar a circula\u00e7\u00e3o regular dos servi\u00e7os, em breve, t\u00e3o logo terminem as obras de requalifica\u00e7\u00e3o e asseguramento deste tro\u00e7o ferrovi\u00e1rio. Fonte Opa\u00eds<\/p>\n","protected":false},"author":3,"featured_media":0,"comment_status":"open","ping_status":"open","sticky":false,"template":"","format":"standard","meta":{"footnotes":""},"categories":[16],"tags":[1017,1015,1016],"class_list":["post-2773","post","type-post","status-publish","format-standard","hentry","category-actualidade","tag-aeroporto","tag-comboios","tag-retomam"],"blocksy_meta":[],"_links":{"self":[{"href":"https:\/\/www.radiomais.ao\/index.php\/wp-json\/wp\/v2\/posts\/2773","targetHints":{"allow":["GET"]}}],"collection":[{"href":"https:\/\/www.radiomais.ao\/index.php\/wp-json\/wp\/v2\/posts"}],"about":[{"href":"https:\/\/www.radiomais.ao\/index.php\/wp-json\/wp\/v2\/types\/post"}],"author":[{"embeddable":true,"href":"https:\/\/www.radiomais.ao\/index.php\/wp-json\/wp\/v2\/users\/3"}],"replies":[{"embeddable":true,"href":"https:\/\/www.radiomais.ao\/index.php\/wp-json\/wp\/v2\/comments?post=2773"}],"version-history":[{"count":1,"href":"https:\/\/www.radiomais.ao\/index.php\/wp-json\/wp\/v2\/posts\/2773\/revisions"}],"predecessor-version":[{"id":2774,"href":"https:\/\/www.radiomais.ao\/index.php\/wp-json\/wp\/v2\/posts\/2773\/revisions\/2774"}],"wp:attachment":[{"href":"https:\/\/www.radiomais.ao\/index.php\/wp-json\/wp\/v2\/media?parent=2773"}],"wp:term":[{"taxonomy":"category","embeddable":true,"href":"https:\/\/www.radiomais.ao\/index.php\/wp-json\/wp\/v2\/categories?post=2773"},{"taxonomy":"post_tag","embeddable":true,"href":"https:\/\/www.radiomais.ao\/index.php\/wp-json\/wp\/v2\/tags?post=2773"}],"curies":[{"name":"wp","href":"https:\/\/api.w.org\/{rel}","templated":true}]}}