{"id":2779,"date":"2025-10-24T09:35:19","date_gmt":"2025-10-24T08:35:19","guid":{"rendered":"https:\/\/www.radiomais.ao\/?p=2779"},"modified":"2025-10-24T09:35:19","modified_gmt":"2025-10-24T08:35:19","slug":"pre-candidatos-a-presidencia-da-unita-conhecem-hoje-apuramento-para-a-disputa-dos-congressistas","status":"publish","type":"post","link":"https:\/\/www.radiomais.ao\/index.php\/2025\/10\/24\/pre-candidatos-a-presidencia-da-unita-conhecem-hoje-apuramento-para-a-disputa-dos-congressistas\/","title":{"rendered":"Pr\u00e9-candidatos \u00e0 presid\u00eancia da UNITA conhecem hoje apuramento para a \u201cdisputa\u201d dos congressistas."},"content":{"rendered":"\n<p><strong>Hoje, depois de serem divulgados os resultados dos processos submetidos, a candidatura aprovada ter\u00e1, assim, o desafio de come\u00e7ar a corrida para o convencimento dos delegados ao XIV Congresso Ordin\u00e1rio do partido que, de 28 a 30 de Novembro, v\u00e3o lotar o espa\u00e7o da Sovsmo para escolher o futuro presidente que vai conduzir os destinos do maior partido na oposi\u00e7\u00e3o durante os pr\u00f3ximos anos<\/strong>. Fonte <strong><em><a href=\"https:\/\/www.opais.ao\/politica\/pre-candidatos-a-presidencia-da-unita-conhecem-hoje-apuramento-para-a-disputa-dos-congressistas\/\">Opa\u00eds<\/a><\/em><\/strong><\/p>\n","protected":false},"excerpt":{"rendered":"<p>Hoje, depois de serem divulgados os resultados dos processos submetidos, a candidatura aprovada ter\u00e1, assim, o desafio de come\u00e7ar a corrida para o convencimento dos delegados ao XIV Congresso Ordin\u00e1rio do partido que, de 28 a 30 de Novembro, v\u00e3o lotar o espa\u00e7o da Sovsmo para escolher o futuro presidente que vai conduzir os destinos [&hellip;]<\/p>\n","protected":false},"author":3,"featured_media":2780,"comment_status":"open","ping_status":"open","sticky":false,"template":"","format":"standard","meta":{"footnotes":""},"categories":[16],"tags":[1020,1021,498,243],"class_list":["post-2779","post","type-post","status-publish","format-standard","has-post-thumbnail","hentry","category-actualidade","tag-apuramento","tag-congressistas","tag-presidencia","tag-unita"],"blocksy_meta":[],"_links":{"self":[{"href":"https:\/\/www.radiomais.ao\/index.php\/wp-json\/wp\/v2\/posts\/2779","targetHints":{"allow":["GET"]}}],"collection":[{"href":"https:\/\/www.radiomais.ao\/index.php\/wp-json\/wp\/v2\/posts"}],"about":[{"href":"https:\/\/www.radiomais.ao\/index.php\/wp-json\/wp\/v2\/types\/post"}],"author":[{"embeddable":true,"href":"https:\/\/www.radiomais.ao\/index.php\/wp-json\/wp\/v2\/users\/3"}],"replies":[{"embeddable":true,"href":"https:\/\/www.radiomais.ao\/index.php\/wp-json\/wp\/v2\/comments?post=2779"}],"version-history":[{"count":1,"href":"https:\/\/www.radiomais.ao\/index.php\/wp-json\/wp\/v2\/posts\/2779\/revisions"}],"predecessor-version":[{"id":2781,"href":"https:\/\/www.radiomais.ao\/index.php\/wp-json\/wp\/v2\/posts\/2779\/revisions\/2781"}],"wp:featuredmedia":[{"embeddable":true,"href":"https:\/\/www.radiomais.ao\/index.php\/wp-json\/wp\/v2\/media\/2780"}],"wp:attachment":[{"href":"https:\/\/www.radiomais.ao\/index.php\/wp-json\/wp\/v2\/media?parent=2779"}],"wp:term":[{"taxonomy":"category","embeddable":true,"href":"https:\/\/www.radiomais.ao\/index.php\/wp-json\/wp\/v2\/categories?post=2779"},{"taxonomy":"post_tag","embeddable":true,"href":"https:\/\/www.radiomais.ao\/index.php\/wp-json\/wp\/v2\/tags?post=2779"}],"curies":[{"name":"wp","href":"https:\/\/api.w.org\/{rel}","templated":true}]}}