{"id":2782,"date":"2025-10-24T09:44:28","date_gmt":"2025-10-24T08:44:28","guid":{"rendered":"https:\/\/www.radiomais.ao\/?p=2782"},"modified":"2025-10-24T09:44:28","modified_gmt":"2025-10-24T08:44:28","slug":"onu-celebra-80-o-aniversario-em-meio-a-desafios-financeiros-e-geopoliticos","status":"publish","type":"post","link":"https:\/\/www.radiomais.ao\/index.php\/2025\/10\/24\/onu-celebra-80-o-aniversario-em-meio-a-desafios-financeiros-e-geopoliticos\/","title":{"rendered":"ONU celebra 80.\u00ba anivers\u00e1rio em meio a desafios financeiros e geopol\u00edticos."},"content":{"rendered":"\n<p><strong>A mesa-redonda, promovida pela Academia Diplom\u00e1tica Ven\u00e2ncio de Moura, reflectiu os 80 anos de exist\u00eancia da Organiza\u00e7\u00e3o das Na\u00e7\u00f5es Unidas (ONU), bem como os in\u00fameros desafios que a institui\u00e7\u00e3o enfrenta actualmente<\/strong>. Fonte <strong><em><a href=\"https:\/\/www.opais.ao\/politica\/onu-celebra-80-o-aniversario-em-meio-a-desafios-financeiros-e-geopoliticos\/\">Opa\u00eds<\/a><\/em><\/strong><\/p>\n","protected":false},"excerpt":{"rendered":"<p>A mesa-redonda, promovida pela Academia Diplom\u00e1tica Ven\u00e2ncio de Moura, reflectiu os 80 anos de exist\u00eancia da Organiza\u00e7\u00e3o das Na\u00e7\u00f5es Unidas (ONU), bem como os in\u00fameros desafios que a institui\u00e7\u00e3o enfrenta actualmente. Fonte Opa\u00eds<\/p>\n","protected":false},"author":3,"featured_media":2783,"comment_status":"open","ping_status":"open","sticky":false,"template":"","format":"standard","meta":{"footnotes":""},"categories":[16],"tags":[1022,1023,666],"class_list":["post-2782","post","type-post","status-publish","format-standard","has-post-thumbnail","hentry","category-actualidade","tag-80a-anos","tag-desafios-financeiros","tag-onu"],"blocksy_meta":[],"_links":{"self":[{"href":"https:\/\/www.radiomais.ao\/index.php\/wp-json\/wp\/v2\/posts\/2782","targetHints":{"allow":["GET"]}}],"collection":[{"href":"https:\/\/www.radiomais.ao\/index.php\/wp-json\/wp\/v2\/posts"}],"about":[{"href":"https:\/\/www.radiomais.ao\/index.php\/wp-json\/wp\/v2\/types\/post"}],"author":[{"embeddable":true,"href":"https:\/\/www.radiomais.ao\/index.php\/wp-json\/wp\/v2\/users\/3"}],"replies":[{"embeddable":true,"href":"https:\/\/www.radiomais.ao\/index.php\/wp-json\/wp\/v2\/comments?post=2782"}],"version-history":[{"count":1,"href":"https:\/\/www.radiomais.ao\/index.php\/wp-json\/wp\/v2\/posts\/2782\/revisions"}],"predecessor-version":[{"id":2784,"href":"https:\/\/www.radiomais.ao\/index.php\/wp-json\/wp\/v2\/posts\/2782\/revisions\/2784"}],"wp:featuredmedia":[{"embeddable":true,"href":"https:\/\/www.radiomais.ao\/index.php\/wp-json\/wp\/v2\/media\/2783"}],"wp:attachment":[{"href":"https:\/\/www.radiomais.ao\/index.php\/wp-json\/wp\/v2\/media?parent=2782"}],"wp:term":[{"taxonomy":"category","embeddable":true,"href":"https:\/\/www.radiomais.ao\/index.php\/wp-json\/wp\/v2\/categories?post=2782"},{"taxonomy":"post_tag","embeddable":true,"href":"https:\/\/www.radiomais.ao\/index.php\/wp-json\/wp\/v2\/tags?post=2782"}],"curies":[{"name":"wp","href":"https:\/\/api.w.org\/{rel}","templated":true}]}}