{"id":2788,"date":"2025-10-24T10:27:09","date_gmt":"2025-10-24T09:27:09","guid":{"rendered":"https:\/\/www.radiomais.ao\/?p=2788"},"modified":"2025-10-24T10:27:09","modified_gmt":"2025-10-24T09:27:09","slug":"descarga-electrica-mata-tres-membros-da-mesma-familia-na-huila","status":"publish","type":"post","link":"https:\/\/www.radiomais.ao\/index.php\/2025\/10\/24\/descarga-electrica-mata-tres-membros-da-mesma-familia-na-huila\/","title":{"rendered":"Descarga el\u00e9ctrica mata tr\u00eas membros da mesma fam\u00edlia na Hu\u00edla."},"content":{"rendered":"\n<p><br>\u200eUma mulher de 46 anos de idade, a nora de 19 e a neta de apenas dois anos perderam a vida, nesta quarta-feira, 22, no munic\u00edpio do Chipindo, prov\u00edncia da Hu\u00edla, em consequ\u00eancia de uma descarga el\u00e9ctrica atmosf\u00e9rica, quando se encontravam debaixo de uma \u00e1rvore para se abrigar da chuva. Fonte <strong><em><a href=\"https:\/\/www.opais.ao\/sociedade\/descarga-electrica-mata-tres-membros-da-mesma-familia-na-huila\/\">Opa\u00eds<\/a><\/em><\/strong><\/p>\n","protected":false},"excerpt":{"rendered":"<p>\u200eUma mulher de 46 anos de idade, a nora de 19 e a neta de apenas dois anos perderam a vida, nesta quarta-feira, 22, no munic\u00edpio do Chipindo, prov\u00edncia da Hu\u00edla, em consequ\u00eancia de uma descarga el\u00e9ctrica atmosf\u00e9rica, quando se encontravam debaixo de uma \u00e1rvore para se abrigar da chuva. Fonte Opa\u00eds<\/p>\n","protected":false},"author":3,"featured_media":2789,"comment_status":"open","ping_status":"open","sticky":false,"template":"","format":"standard","meta":{"footnotes":""},"categories":[16],"tags":[577,184,1025],"class_list":["post-2788","post","type-post","status-publish","format-standard","has-post-thumbnail","hentry","category-actualidade","tag-descarga-electrica","tag-mata","tag-na-huila"],"blocksy_meta":[],"_links":{"self":[{"href":"https:\/\/www.radiomais.ao\/index.php\/wp-json\/wp\/v2\/posts\/2788","targetHints":{"allow":["GET"]}}],"collection":[{"href":"https:\/\/www.radiomais.ao\/index.php\/wp-json\/wp\/v2\/posts"}],"about":[{"href":"https:\/\/www.radiomais.ao\/index.php\/wp-json\/wp\/v2\/types\/post"}],"author":[{"embeddable":true,"href":"https:\/\/www.radiomais.ao\/index.php\/wp-json\/wp\/v2\/users\/3"}],"replies":[{"embeddable":true,"href":"https:\/\/www.radiomais.ao\/index.php\/wp-json\/wp\/v2\/comments?post=2788"}],"version-history":[{"count":1,"href":"https:\/\/www.radiomais.ao\/index.php\/wp-json\/wp\/v2\/posts\/2788\/revisions"}],"predecessor-version":[{"id":2790,"href":"https:\/\/www.radiomais.ao\/index.php\/wp-json\/wp\/v2\/posts\/2788\/revisions\/2790"}],"wp:featuredmedia":[{"embeddable":true,"href":"https:\/\/www.radiomais.ao\/index.php\/wp-json\/wp\/v2\/media\/2789"}],"wp:attachment":[{"href":"https:\/\/www.radiomais.ao\/index.php\/wp-json\/wp\/v2\/media?parent=2788"}],"wp:term":[{"taxonomy":"category","embeddable":true,"href":"https:\/\/www.radiomais.ao\/index.php\/wp-json\/wp\/v2\/categories?post=2788"},{"taxonomy":"post_tag","embeddable":true,"href":"https:\/\/www.radiomais.ao\/index.php\/wp-json\/wp\/v2\/tags?post=2788"}],"curies":[{"name":"wp","href":"https:\/\/api.w.org\/{rel}","templated":true}]}}