{"id":2797,"date":"2025-10-24T11:04:09","date_gmt":"2025-10-24T10:04:09","guid":{"rendered":"https:\/\/www.radiomais.ao\/?p=2797"},"modified":"2025-10-24T11:15:45","modified_gmt":"2025-10-24T10:15:45","slug":"cidadaos-que-residem-ha-40-anos-na-escola-17-de-setembro-tem-ate-amanha-para-abandonar-as-casas","status":"publish","type":"post","link":"https:\/\/www.radiomais.ao\/index.php\/2025\/10\/24\/cidadaos-que-residem-ha-40-anos-na-escola-17-de-setembro-tem-ate-amanha-para-abandonar-as-casas\/","title":{"rendered":"Cidad\u00e3os que residem h\u00e1 40 anos na Escola 17 de Setembro t\u00eam at\u00e9 amanh\u00e3 para abandonar as casas."},"content":{"rendered":"\n<p><strong>A Escola \u201c17 de Setembro\u201d, do I ciclo do ensino secund\u00e1rio, localizada no munic\u00edpio do Rangel, tem sido um espa\u00e7o \u201ccompartilhado\u201d por estudantes, o corpo pedag\u00f3gico da institui\u00e7\u00e3o e mais oito fam\u00edlias, que residem em anexos junto da escola. Quase quatro d\u00e9cadas depois de estarem ali a residir, as fam\u00edlias t\u00eam um prazo de at\u00e9 amanh\u00e3, dia 25, para abandonarem o local e ir a outro s\u00edtio, apesar de afirmarem estar legalmente e n\u00e3o ter no momento condi\u00e7\u00f5es para sair, raz\u00e3o pela qual esperam ver o problema resolvido<\/strong>. Fonte <strong><em><a href=\"https:\/\/www.opais.ao\/sociedade\/cidadaos-que-residem-ha-40-anos-na-escola-17-de-setembro-tem-ate-amanha-para-abandonar-as-casas\/\">Opa\u00eds<\/a><\/em><\/strong><\/p>\n\n\n\n<p><\/p>\n","protected":false},"excerpt":{"rendered":"<p>A Escola \u201c17 de Setembro\u201d, do I ciclo do ensino secund\u00e1rio, localizada no munic\u00edpio do Rangel, tem sido um espa\u00e7o \u201ccompartilhado\u201d por estudantes, o corpo pedag\u00f3gico da institui\u00e7\u00e3o e mais oito fam\u00edlias, que residem em anexos junto da escola. Quase quatro d\u00e9cadas depois de estarem ali a residir, as fam\u00edlias t\u00eam um prazo de at\u00e9 [&hellip;]<\/p>\n","protected":false},"author":3,"featured_media":2798,"comment_status":"open","ping_status":"open","sticky":false,"template":"","format":"standard","meta":{"footnotes":""},"categories":[16],"tags":[1031],"class_list":["post-2797","post","type-post","status-publish","format-standard","has-post-thumbnail","hentry","category-actualidade","tag-rsidentes-na-escola-abandonar-as-casas"],"blocksy_meta":[],"_links":{"self":[{"href":"https:\/\/www.radiomais.ao\/index.php\/wp-json\/wp\/v2\/posts\/2797","targetHints":{"allow":["GET"]}}],"collection":[{"href":"https:\/\/www.radiomais.ao\/index.php\/wp-json\/wp\/v2\/posts"}],"about":[{"href":"https:\/\/www.radiomais.ao\/index.php\/wp-json\/wp\/v2\/types\/post"}],"author":[{"embeddable":true,"href":"https:\/\/www.radiomais.ao\/index.php\/wp-json\/wp\/v2\/users\/3"}],"replies":[{"embeddable":true,"href":"https:\/\/www.radiomais.ao\/index.php\/wp-json\/wp\/v2\/comments?post=2797"}],"version-history":[{"count":2,"href":"https:\/\/www.radiomais.ao\/index.php\/wp-json\/wp\/v2\/posts\/2797\/revisions"}],"predecessor-version":[{"id":2800,"href":"https:\/\/www.radiomais.ao\/index.php\/wp-json\/wp\/v2\/posts\/2797\/revisions\/2800"}],"wp:featuredmedia":[{"embeddable":true,"href":"https:\/\/www.radiomais.ao\/index.php\/wp-json\/wp\/v2\/media\/2798"}],"wp:attachment":[{"href":"https:\/\/www.radiomais.ao\/index.php\/wp-json\/wp\/v2\/media?parent=2797"}],"wp:term":[{"taxonomy":"category","embeddable":true,"href":"https:\/\/www.radiomais.ao\/index.php\/wp-json\/wp\/v2\/categories?post=2797"},{"taxonomy":"post_tag","embeddable":true,"href":"https:\/\/www.radiomais.ao\/index.php\/wp-json\/wp\/v2\/tags?post=2797"}],"curies":[{"name":"wp","href":"https:\/\/api.w.org\/{rel}","templated":true}]}}