{"id":2815,"date":"2025-10-30T09:28:58","date_gmt":"2025-10-30T08:28:58","guid":{"rendered":"https:\/\/www.radiomais.ao\/?p=2815"},"modified":"2025-10-30T09:28:58","modified_gmt":"2025-10-30T08:28:58","slug":"mina-de-tetelo-depois-de-maquela-do-zombo-damba-e-bembe-sao-os-proximos-celeiros","status":"publish","type":"post","link":"https:\/\/www.radiomais.ao\/index.php\/2025\/10\/30\/mina-de-tetelo-depois-de-maquela-do-zombo-damba-e-bembe-sao-os-proximos-celeiros\/","title":{"rendered":"Mina de Tetelo: Depois de Maquela do Zombo, Damba e Bembe s\u00e3o os pr\u00f3ximos celeiros."},"content":{"rendered":"\n<p><strong>A mina de cobre de Tetelo, localizada no munic\u00edpio de Maquela do Zombo, na prov\u00edncia do U\u00edge, \u00e9 a primeira de muitos outros projectos do sector em curso no pa\u00eds, afirmou nesta quarta-feira, 29, o ministro dos Recursos Minerais, Petr\u00f3leo e G\u00e1s, Diamantino Azevedo<\/strong>. Fonte <strong><em><a href=\"https:\/\/www.opais.ao\/economia\/mina-de-tetelo-depois-de-maquela-do-zombo-damba-e-bembe-sao-os-proximos-celeiros\/\">Opa\u00eds<\/a><\/em><\/strong><\/p>\n","protected":false},"excerpt":{"rendered":"<p>A mina de cobre de Tetelo, localizada no munic\u00edpio de Maquela do Zombo, na prov\u00edncia do U\u00edge, \u00e9 a primeira de muitos outros projectos do sector em curso no pa\u00eds, afirmou nesta quarta-feira, 29, o ministro dos Recursos Minerais, Petr\u00f3leo e G\u00e1s, Diamantino Azevedo. Fonte Opa\u00eds<\/p>\n","protected":false},"author":3,"featured_media":2816,"comment_status":"open","ping_status":"open","sticky":false,"template":"","format":"standard","meta":{"footnotes":""},"categories":[16],"tags":[1036,1037],"class_list":["post-2815","post","type-post","status-publish","format-standard","has-post-thumbnail","hentry","category-actualidade","tag-mina-de-tetelo","tag-proximos-celeiros"],"blocksy_meta":[],"_links":{"self":[{"href":"https:\/\/www.radiomais.ao\/index.php\/wp-json\/wp\/v2\/posts\/2815","targetHints":{"allow":["GET"]}}],"collection":[{"href":"https:\/\/www.radiomais.ao\/index.php\/wp-json\/wp\/v2\/posts"}],"about":[{"href":"https:\/\/www.radiomais.ao\/index.php\/wp-json\/wp\/v2\/types\/post"}],"author":[{"embeddable":true,"href":"https:\/\/www.radiomais.ao\/index.php\/wp-json\/wp\/v2\/users\/3"}],"replies":[{"embeddable":true,"href":"https:\/\/www.radiomais.ao\/index.php\/wp-json\/wp\/v2\/comments?post=2815"}],"version-history":[{"count":1,"href":"https:\/\/www.radiomais.ao\/index.php\/wp-json\/wp\/v2\/posts\/2815\/revisions"}],"predecessor-version":[{"id":2817,"href":"https:\/\/www.radiomais.ao\/index.php\/wp-json\/wp\/v2\/posts\/2815\/revisions\/2817"}],"wp:featuredmedia":[{"embeddable":true,"href":"https:\/\/www.radiomais.ao\/index.php\/wp-json\/wp\/v2\/media\/2816"}],"wp:attachment":[{"href":"https:\/\/www.radiomais.ao\/index.php\/wp-json\/wp\/v2\/media?parent=2815"}],"wp:term":[{"taxonomy":"category","embeddable":true,"href":"https:\/\/www.radiomais.ao\/index.php\/wp-json\/wp\/v2\/categories?post=2815"},{"taxonomy":"post_tag","embeddable":true,"href":"https:\/\/www.radiomais.ao\/index.php\/wp-json\/wp\/v2\/tags?post=2815"}],"curies":[{"name":"wp","href":"https:\/\/api.w.org\/{rel}","templated":true}]}}