{"id":2818,"date":"2025-10-30T09:34:43","date_gmt":"2025-10-30T08:34:43","guid":{"rendered":"https:\/\/www.radiomais.ao\/?p=2818"},"modified":"2025-10-30T09:34:43","modified_gmt":"2025-10-30T08:34:43","slug":"vice-presidente-da-republica-exalta-compromisso-de-angola-com-a-conservacao-e-o-desenvolvimento-sustentavel-nos-eua","status":"publish","type":"post","link":"https:\/\/www.radiomais.ao\/index.php\/2025\/10\/30\/vice-presidente-da-republica-exalta-compromisso-de-angola-com-a-conservacao-e-o-desenvolvimento-sustentavel-nos-eua\/","title":{"rendered":"Vice-Presidente da Rep\u00fablica exalta compromisso de Angola com a conserva\u00e7\u00e3o e o desenvolvimento sustent\u00e1vel nos EUA."},"content":{"rendered":"\n<p><strong>A Vice-Presidente da Rep\u00fablica, Esperan\u00e7a da Costa, reafirmou, na segunda-feira, em Washington D.C., o compromisso de Angola com a preserva\u00e7\u00e3o da biodiversidade e o desenvolvimento sustent\u00e1vel, durante a sua interven\u00e7\u00e3o na Gala Internacional de Conserva\u00e7\u00e3o promovida pela Funda\u00e7\u00e3o Internacional de Conserva\u00e7\u00e3o Caucus (ICCF)<\/strong>. Fonte <strong><em><a href=\"https:\/\/www.opais.ao\/politica\/vice-presidente-da-republica-exalta-compromisso-de-angola-com-a-conservacao-e-o-desenvolvimento-sustentavel-nos-eua\/\">Opa\u00eds<\/a><\/em><\/strong><\/p>\n","protected":false},"excerpt":{"rendered":"<p>A Vice-Presidente da Rep\u00fablica, Esperan\u00e7a da Costa, reafirmou, na segunda-feira, em Washington D.C., o compromisso de Angola com a preserva\u00e7\u00e3o da biodiversidade e o desenvolvimento sustent\u00e1vel, durante a sua interven\u00e7\u00e3o na Gala Internacional de Conserva\u00e7\u00e3o promovida pela Funda\u00e7\u00e3o Internacional de Conserva\u00e7\u00e3o Caucus (ICCF). Fonte Opa\u00eds<\/p>\n","protected":false},"author":3,"featured_media":2819,"comment_status":"open","ping_status":"open","sticky":false,"template":"","format":"standard","meta":{"footnotes":""},"categories":[16],"tags":[1039,1038],"class_list":["post-2818","post","type-post","status-publish","format-standard","has-post-thumbnail","hentry","category-actualidade","tag-exalta-compromisso","tag-vice-presidente"],"blocksy_meta":[],"_links":{"self":[{"href":"https:\/\/www.radiomais.ao\/index.php\/wp-json\/wp\/v2\/posts\/2818","targetHints":{"allow":["GET"]}}],"collection":[{"href":"https:\/\/www.radiomais.ao\/index.php\/wp-json\/wp\/v2\/posts"}],"about":[{"href":"https:\/\/www.radiomais.ao\/index.php\/wp-json\/wp\/v2\/types\/post"}],"author":[{"embeddable":true,"href":"https:\/\/www.radiomais.ao\/index.php\/wp-json\/wp\/v2\/users\/3"}],"replies":[{"embeddable":true,"href":"https:\/\/www.radiomais.ao\/index.php\/wp-json\/wp\/v2\/comments?post=2818"}],"version-history":[{"count":1,"href":"https:\/\/www.radiomais.ao\/index.php\/wp-json\/wp\/v2\/posts\/2818\/revisions"}],"predecessor-version":[{"id":2820,"href":"https:\/\/www.radiomais.ao\/index.php\/wp-json\/wp\/v2\/posts\/2818\/revisions\/2820"}],"wp:featuredmedia":[{"embeddable":true,"href":"https:\/\/www.radiomais.ao\/index.php\/wp-json\/wp\/v2\/media\/2819"}],"wp:attachment":[{"href":"https:\/\/www.radiomais.ao\/index.php\/wp-json\/wp\/v2\/media?parent=2818"}],"wp:term":[{"taxonomy":"category","embeddable":true,"href":"https:\/\/www.radiomais.ao\/index.php\/wp-json\/wp\/v2\/categories?post=2818"},{"taxonomy":"post_tag","embeddable":true,"href":"https:\/\/www.radiomais.ao\/index.php\/wp-json\/wp\/v2\/tags?post=2818"}],"curies":[{"name":"wp","href":"https:\/\/api.w.org\/{rel}","templated":true}]}}