{"id":2821,"date":"2025-10-30T09:38:28","date_gmt":"2025-10-30T08:38:28","guid":{"rendered":"https:\/\/www.radiomais.ao\/?p=2821"},"modified":"2025-10-30T09:38:28","modified_gmt":"2025-10-30T08:38:28","slug":"angola-defende-reforma-da-onu-e-accao-climatica-no-forum-de-paz-de-paris","status":"publish","type":"post","link":"https:\/\/www.radiomais.ao\/index.php\/2025\/10\/30\/angola-defende-reforma-da-onu-e-accao-climatica-no-forum-de-paz-de-paris\/","title":{"rendered":"Angola defende reforma da ONU e ac\u00e7\u00e3o clim\u00e1tica no F\u00f3rum de Paz de Paris."},"content":{"rendered":"\n<p><strong>Angola defendeu a necessidade de uma reforma profunda das institui\u00e7\u00f5es multilaterais, em particular da Organiza\u00e7\u00e3o das Na\u00e7\u00f5es Unidas (ONU), assim como o refor\u00e7o da ac\u00e7\u00e3o global contra as mudan\u00e7as clim\u00e1ticas, durante a 8.\u00aa edi\u00e7\u00e3o do F\u00f3rum de Paz de Paris, que decorreu nesta quarta-feira, 29, em Paris, Fran\u00e7a<\/strong>. Fonte <strong><em><a href=\"https:\/\/www.opais.ao\/politica\/angola-defende-reforma-da-onu-e-accao-climatica-no-forum-de-paz-de-paris\/\">O pa\u00eds<\/a><\/em><\/strong><\/p>\n","protected":false},"excerpt":{"rendered":"<p>Angola defendeu a necessidade de uma reforma profunda das institui\u00e7\u00f5es multilaterais, em particular da Organiza\u00e7\u00e3o das Na\u00e7\u00f5es Unidas (ONU), assim como o refor\u00e7o da ac\u00e7\u00e3o global contra as mudan\u00e7as clim\u00e1ticas, durante a 8.\u00aa edi\u00e7\u00e3o do F\u00f3rum de Paz de Paris, que decorreu nesta quarta-feira, 29, em Paris, Fran\u00e7a. Fonte O pa\u00eds<\/p>\n","protected":false},"author":3,"featured_media":2822,"comment_status":"open","ping_status":"open","sticky":false,"template":"","format":"standard","meta":{"footnotes":""},"categories":[16],"tags":[666,1040],"class_list":["post-2821","post","type-post","status-publish","format-standard","has-post-thumbnail","hentry","category-actualidade","tag-onu","tag-reforma"],"blocksy_meta":[],"_links":{"self":[{"href":"https:\/\/www.radiomais.ao\/index.php\/wp-json\/wp\/v2\/posts\/2821","targetHints":{"allow":["GET"]}}],"collection":[{"href":"https:\/\/www.radiomais.ao\/index.php\/wp-json\/wp\/v2\/posts"}],"about":[{"href":"https:\/\/www.radiomais.ao\/index.php\/wp-json\/wp\/v2\/types\/post"}],"author":[{"embeddable":true,"href":"https:\/\/www.radiomais.ao\/index.php\/wp-json\/wp\/v2\/users\/3"}],"replies":[{"embeddable":true,"href":"https:\/\/www.radiomais.ao\/index.php\/wp-json\/wp\/v2\/comments?post=2821"}],"version-history":[{"count":1,"href":"https:\/\/www.radiomais.ao\/index.php\/wp-json\/wp\/v2\/posts\/2821\/revisions"}],"predecessor-version":[{"id":2823,"href":"https:\/\/www.radiomais.ao\/index.php\/wp-json\/wp\/v2\/posts\/2821\/revisions\/2823"}],"wp:featuredmedia":[{"embeddable":true,"href":"https:\/\/www.radiomais.ao\/index.php\/wp-json\/wp\/v2\/media\/2822"}],"wp:attachment":[{"href":"https:\/\/www.radiomais.ao\/index.php\/wp-json\/wp\/v2\/media?parent=2821"}],"wp:term":[{"taxonomy":"category","embeddable":true,"href":"https:\/\/www.radiomais.ao\/index.php\/wp-json\/wp\/v2\/categories?post=2821"},{"taxonomy":"post_tag","embeddable":true,"href":"https:\/\/www.radiomais.ao\/index.php\/wp-json\/wp\/v2\/tags?post=2821"}],"curies":[{"name":"wp","href":"https:\/\/api.w.org\/{rel}","templated":true}]}}