{"id":2824,"date":"2025-10-30T09:43:36","date_gmt":"2025-10-30T08:43:36","guid":{"rendered":"https:\/\/www.radiomais.ao\/?p=2824"},"modified":"2025-10-30T09:43:36","modified_gmt":"2025-10-30T08:43:36","slug":"energia-fotovoltaica-ja-cobre-30-no-leste-de-angola","status":"publish","type":"post","link":"https:\/\/www.radiomais.ao\/index.php\/2025\/10\/30\/energia-fotovoltaica-ja-cobre-30-no-leste-de-angola\/","title":{"rendered":"Energia fotovoltaica j\u00e1 cobre 30% no leste de Angola."},"content":{"rendered":"\n<p><strong>A constru\u00e7\u00e3o de tr\u00eas Centrais Fotovoltaicas, no leste do pa\u00eds, permitiu uma cobertura de 30% das necessidades da popula\u00e7\u00e3o, tendo refor\u00e7ado a pot\u00eancia da energia consumida pelas prov\u00edncias do Moxico, Lunda-Sul e Lunda-Norte<\/strong>. Fonte <strong><em><a href=\"https:\/\/www.opais.ao\/economia\/energia-fotovoltaica-ja-cobre-30-no-leste-de-angola\/\">Opa\u00eds<\/a><\/em><\/strong><\/p>\n","protected":false},"excerpt":{"rendered":"<p>A constru\u00e7\u00e3o de tr\u00eas Centrais Fotovoltaicas, no leste do pa\u00eds, permitiu uma cobertura de 30% das necessidades da popula\u00e7\u00e3o, tendo refor\u00e7ado a pot\u00eancia da energia consumida pelas prov\u00edncias do Moxico, Lunda-Sul e Lunda-Norte. Fonte Opa\u00eds<\/p>\n","protected":false},"author":3,"featured_media":2825,"comment_status":"open","ping_status":"open","sticky":false,"template":"","format":"standard","meta":{"footnotes":""},"categories":[16],"tags":[1042,1041],"class_list":["post-2824","post","type-post","status-publish","format-standard","has-post-thumbnail","hentry","category-actualidade","tag-cobre-30-do-pais","tag-energia-fotovoltaica"],"blocksy_meta":[],"_links":{"self":[{"href":"https:\/\/www.radiomais.ao\/index.php\/wp-json\/wp\/v2\/posts\/2824","targetHints":{"allow":["GET"]}}],"collection":[{"href":"https:\/\/www.radiomais.ao\/index.php\/wp-json\/wp\/v2\/posts"}],"about":[{"href":"https:\/\/www.radiomais.ao\/index.php\/wp-json\/wp\/v2\/types\/post"}],"author":[{"embeddable":true,"href":"https:\/\/www.radiomais.ao\/index.php\/wp-json\/wp\/v2\/users\/3"}],"replies":[{"embeddable":true,"href":"https:\/\/www.radiomais.ao\/index.php\/wp-json\/wp\/v2\/comments?post=2824"}],"version-history":[{"count":1,"href":"https:\/\/www.radiomais.ao\/index.php\/wp-json\/wp\/v2\/posts\/2824\/revisions"}],"predecessor-version":[{"id":2826,"href":"https:\/\/www.radiomais.ao\/index.php\/wp-json\/wp\/v2\/posts\/2824\/revisions\/2826"}],"wp:featuredmedia":[{"embeddable":true,"href":"https:\/\/www.radiomais.ao\/index.php\/wp-json\/wp\/v2\/media\/2825"}],"wp:attachment":[{"href":"https:\/\/www.radiomais.ao\/index.php\/wp-json\/wp\/v2\/media?parent=2824"}],"wp:term":[{"taxonomy":"category","embeddable":true,"href":"https:\/\/www.radiomais.ao\/index.php\/wp-json\/wp\/v2\/categories?post=2824"},{"taxonomy":"post_tag","embeddable":true,"href":"https:\/\/www.radiomais.ao\/index.php\/wp-json\/wp\/v2\/tags?post=2824"}],"curies":[{"name":"wp","href":"https:\/\/api.w.org\/{rel}","templated":true}]}}