{"id":2827,"date":"2025-10-30T09:47:01","date_gmt":"2025-10-30T08:47:01","guid":{"rendered":"https:\/\/www.radiomais.ao\/?p=2827"},"modified":"2025-10-30T09:47:01","modified_gmt":"2025-10-30T08:47:01","slug":"angola-elevou-a-capacidade-electrica-para-63-gw-e-ampliou-a-rede-de-abastecimento-de-agua-ao-longo-dos-50-anos-de-independencia","status":"publish","type":"post","link":"https:\/\/www.radiomais.ao\/index.php\/2025\/10\/30\/angola-elevou-a-capacidade-electrica-para-63-gw-e-ampliou-a-rede-de-abastecimento-de-agua-ao-longo-dos-50-anos-de-independencia\/","title":{"rendered":"Angola elevou a capacidade el\u00e9ctrica para 6,3 GW e ampliou a rede de abastecimento de \u00e1gua ao longo dos 50 anos de independ\u00eancia."},"content":{"rendered":"\n<p><strong>A aposta cont\u00ednua do Executivo angolano em infra-estruturas energ\u00e9ticas e h\u00eddricas permitiu ao pa\u00eds elevar a capacidade de produ\u00e7\u00e3o el\u00e9ctrica de 0,4 gigawatts (GW) em 1975 para 6,3 GW actualmente, tendo alcan\u00e7ado uma taxa de acesso \u00e0 energia de 48%, anunciou o ministro da Energia e \u00c1guas, Jo\u00e3o Baptista Borges, em entrevista recente \u00e0 Angop, no quadro das comemora\u00e7\u00f5es dos 50 anos da Independ\u00eancia Nacional, que se assinala a 11 de Novembro<\/strong>. Fonte <strong><em><a href=\"https:\/\/www.opais.ao\/economia\/angola-elevou-a-capacidade-electrica-para-63-gw-e-ampliou-a-rede-de-abastecimento-de-agua-ao-longo-dos-50-anos-de-independencia\/\">Opa\u00eds<\/a><\/em><\/strong><\/p>\n","protected":false},"excerpt":{"rendered":"<p>A aposta cont\u00ednua do Executivo angolano em infra-estruturas energ\u00e9ticas e h\u00eddricas permitiu ao pa\u00eds elevar a capacidade de produ\u00e7\u00e3o el\u00e9ctrica de 0,4 gigawatts (GW) em 1975 para 6,3 GW actualmente, tendo alcan\u00e7ado uma taxa de acesso \u00e0 energia de 48%, anunciou o ministro da Energia e \u00c1guas, Jo\u00e3o Baptista Borges, em entrevista recente \u00e0 Angop, [&hellip;]<\/p>\n","protected":false},"author":3,"featured_media":2828,"comment_status":"open","ping_status":"open","sticky":false,"template":"","format":"standard","meta":{"footnotes":""},"categories":[16],"tags":[1043,1044],"class_list":["post-2827","post","type-post","status-publish","format-standard","has-post-thumbnail","hentry","category-actualidade","tag-capacidade-electrica","tag-reabastecimento-de-agua"],"blocksy_meta":[],"_links":{"self":[{"href":"https:\/\/www.radiomais.ao\/index.php\/wp-json\/wp\/v2\/posts\/2827","targetHints":{"allow":["GET"]}}],"collection":[{"href":"https:\/\/www.radiomais.ao\/index.php\/wp-json\/wp\/v2\/posts"}],"about":[{"href":"https:\/\/www.radiomais.ao\/index.php\/wp-json\/wp\/v2\/types\/post"}],"author":[{"embeddable":true,"href":"https:\/\/www.radiomais.ao\/index.php\/wp-json\/wp\/v2\/users\/3"}],"replies":[{"embeddable":true,"href":"https:\/\/www.radiomais.ao\/index.php\/wp-json\/wp\/v2\/comments?post=2827"}],"version-history":[{"count":1,"href":"https:\/\/www.radiomais.ao\/index.php\/wp-json\/wp\/v2\/posts\/2827\/revisions"}],"predecessor-version":[{"id":2829,"href":"https:\/\/www.radiomais.ao\/index.php\/wp-json\/wp\/v2\/posts\/2827\/revisions\/2829"}],"wp:featuredmedia":[{"embeddable":true,"href":"https:\/\/www.radiomais.ao\/index.php\/wp-json\/wp\/v2\/media\/2828"}],"wp:attachment":[{"href":"https:\/\/www.radiomais.ao\/index.php\/wp-json\/wp\/v2\/media?parent=2827"}],"wp:term":[{"taxonomy":"category","embeddable":true,"href":"https:\/\/www.radiomais.ao\/index.php\/wp-json\/wp\/v2\/categories?post=2827"},{"taxonomy":"post_tag","embeddable":true,"href":"https:\/\/www.radiomais.ao\/index.php\/wp-json\/wp\/v2\/tags?post=2827"}],"curies":[{"name":"wp","href":"https:\/\/api.w.org\/{rel}","templated":true}]}}