{"id":2830,"date":"2025-10-30T09:50:17","date_gmt":"2025-10-30T08:50:17","guid":{"rendered":"https:\/\/www.radiomais.ao\/?p=2830"},"modified":"2025-10-30T09:50:17","modified_gmt":"2025-10-30T08:50:17","slug":"agricultores-da-yambala-em-benguela-queixam-se-de-falta-de-vias-para-escoar","status":"publish","type":"post","link":"https:\/\/www.radiomais.ao\/index.php\/2025\/10\/30\/agricultores-da-yambala-em-benguela-queixam-se-de-falta-de-vias-para-escoar\/","title":{"rendered":"Agricultores da Yambala em Benguela queixam-se de falta de vias para escoar."},"content":{"rendered":"\n<p><strong>Dezenas de agricultores na cintura verde na povoa\u00e7\u00e3o de Katateka, munic\u00edpio da Yambala, manifestam-se apreensivos com a deteriora\u00e7\u00e3o de produtos, por falta de vias para o escoamento para os centros de consumo. Os nossos entrevistados sugeriram uma interven\u00e7\u00e3o urgente nas vias de comunica\u00e7\u00e3o, ao mesmo tempo que se queixam de falta de insumos agr\u00edcolas<\/strong>. Fonte <strong><em><a href=\"https:\/\/www.opais.ao\/ultimas_hora\/agricultores-da-yambala-em-benguela-queixam-se-de-falta-de-vias-para-escoar\/\">Opa\u00eds<\/a><\/em><\/strong><\/p>\n","protected":false},"excerpt":{"rendered":"<p>Dezenas de agricultores na cintura verde na povoa\u00e7\u00e3o de Katateka, munic\u00edpio da Yambala, manifestam-se apreensivos com a deteriora\u00e7\u00e3o de produtos, por falta de vias para o escoamento para os centros de consumo. Os nossos entrevistados sugeriram uma interven\u00e7\u00e3o urgente nas vias de comunica\u00e7\u00e3o, ao mesmo tempo que se queixam de falta de insumos agr\u00edcolas. Fonte [&hellip;]<\/p>\n","protected":false},"author":3,"featured_media":2831,"comment_status":"open","ping_status":"open","sticky":false,"template":"","format":"standard","meta":{"footnotes":""},"categories":[16],"tags":[705,95,1045],"class_list":["post-2830","post","type-post","status-publish","format-standard","has-post-thumbnail","hentry","category-actualidade","tag-agricultores","tag-benguela","tag-escoar"],"blocksy_meta":[],"_links":{"self":[{"href":"https:\/\/www.radiomais.ao\/index.php\/wp-json\/wp\/v2\/posts\/2830","targetHints":{"allow":["GET"]}}],"collection":[{"href":"https:\/\/www.radiomais.ao\/index.php\/wp-json\/wp\/v2\/posts"}],"about":[{"href":"https:\/\/www.radiomais.ao\/index.php\/wp-json\/wp\/v2\/types\/post"}],"author":[{"embeddable":true,"href":"https:\/\/www.radiomais.ao\/index.php\/wp-json\/wp\/v2\/users\/3"}],"replies":[{"embeddable":true,"href":"https:\/\/www.radiomais.ao\/index.php\/wp-json\/wp\/v2\/comments?post=2830"}],"version-history":[{"count":1,"href":"https:\/\/www.radiomais.ao\/index.php\/wp-json\/wp\/v2\/posts\/2830\/revisions"}],"predecessor-version":[{"id":2832,"href":"https:\/\/www.radiomais.ao\/index.php\/wp-json\/wp\/v2\/posts\/2830\/revisions\/2832"}],"wp:featuredmedia":[{"embeddable":true,"href":"https:\/\/www.radiomais.ao\/index.php\/wp-json\/wp\/v2\/media\/2831"}],"wp:attachment":[{"href":"https:\/\/www.radiomais.ao\/index.php\/wp-json\/wp\/v2\/media?parent=2830"}],"wp:term":[{"taxonomy":"category","embeddable":true,"href":"https:\/\/www.radiomais.ao\/index.php\/wp-json\/wp\/v2\/categories?post=2830"},{"taxonomy":"post_tag","embeddable":true,"href":"https:\/\/www.radiomais.ao\/index.php\/wp-json\/wp\/v2\/tags?post=2830"}],"curies":[{"name":"wp","href":"https:\/\/api.w.org\/{rel}","templated":true}]}}