{"id":2833,"date":"2025-10-30T09:53:22","date_gmt":"2025-10-30T08:53:22","guid":{"rendered":"https:\/\/www.radiomais.ao\/?p=2833"},"modified":"2025-10-30T09:53:22","modified_gmt":"2025-10-30T08:53:22","slug":"trabalhadores-de-empresas-de-bebidas-ponderam-paralisar-actividades-amanha","status":"publish","type":"post","link":"https:\/\/www.radiomais.ao\/index.php\/2025\/10\/30\/trabalhadores-de-empresas-de-bebidas-ponderam-paralisar-actividades-amanha\/","title":{"rendered":"Trabalhadores de empresas de bebidas ponderam paralisar actividades amanh\u00e3."},"content":{"rendered":"\n<p><strong>O colectivo de trabalhadores do Sindicato Nacional dos Trabalhadores das Ind\u00fastrias de Bebidas e Similares reuniu-se, nesta quarta-feira (29), em assembleia, para definir um plano de conting\u00eancia para a greve a desencadear-se, muito provavelmente, nesta sexta-feira, fruto dos descontentamentos dos trabalhadores que exigem melhores condi\u00e7\u00f5es laborais e um aumento salarial de 24%<\/strong>. Fonte<strong><em><a href=\"https:\/\/www.opais.ao\/ultimas_hora\/trabalhadores-de-empresas-de-bebidas-ponderam-paralisar-actividades-amanha\/\"> Opa\u00eds<\/a><\/em><\/strong><\/p>\n","protected":false},"excerpt":{"rendered":"<p>O colectivo de trabalhadores do Sindicato Nacional dos Trabalhadores das Ind\u00fastrias de Bebidas e Similares reuniu-se, nesta quarta-feira (29), em assembleia, para definir um plano de conting\u00eancia para a greve a desencadear-se, muito provavelmente, nesta sexta-feira, fruto dos descontentamentos dos trabalhadores que exigem melhores condi\u00e7\u00f5es laborais e um aumento salarial de 24%. Fonte Opa\u00eds<\/p>\n","protected":false},"author":3,"featured_media":2834,"comment_status":"open","ping_status":"open","sticky":false,"template":"","format":"standard","meta":{"footnotes":""},"categories":[16],"tags":[1047,1048,1046],"class_list":["post-2833","post","type-post","status-publish","format-standard","has-post-thumbnail","hentry","category-actualidade","tag-empresas-de-bebida","tag-reunidos","tag-trabalhadores"],"blocksy_meta":[],"_links":{"self":[{"href":"https:\/\/www.radiomais.ao\/index.php\/wp-json\/wp\/v2\/posts\/2833","targetHints":{"allow":["GET"]}}],"collection":[{"href":"https:\/\/www.radiomais.ao\/index.php\/wp-json\/wp\/v2\/posts"}],"about":[{"href":"https:\/\/www.radiomais.ao\/index.php\/wp-json\/wp\/v2\/types\/post"}],"author":[{"embeddable":true,"href":"https:\/\/www.radiomais.ao\/index.php\/wp-json\/wp\/v2\/users\/3"}],"replies":[{"embeddable":true,"href":"https:\/\/www.radiomais.ao\/index.php\/wp-json\/wp\/v2\/comments?post=2833"}],"version-history":[{"count":1,"href":"https:\/\/www.radiomais.ao\/index.php\/wp-json\/wp\/v2\/posts\/2833\/revisions"}],"predecessor-version":[{"id":2835,"href":"https:\/\/www.radiomais.ao\/index.php\/wp-json\/wp\/v2\/posts\/2833\/revisions\/2835"}],"wp:featuredmedia":[{"embeddable":true,"href":"https:\/\/www.radiomais.ao\/index.php\/wp-json\/wp\/v2\/media\/2834"}],"wp:attachment":[{"href":"https:\/\/www.radiomais.ao\/index.php\/wp-json\/wp\/v2\/media?parent=2833"}],"wp:term":[{"taxonomy":"category","embeddable":true,"href":"https:\/\/www.radiomais.ao\/index.php\/wp-json\/wp\/v2\/categories?post=2833"},{"taxonomy":"post_tag","embeddable":true,"href":"https:\/\/www.radiomais.ao\/index.php\/wp-json\/wp\/v2\/tags?post=2833"}],"curies":[{"name":"wp","href":"https:\/\/api.w.org\/{rel}","templated":true}]}}