{"id":2846,"date":"2025-10-30T12:08:31","date_gmt":"2025-10-30T11:08:31","guid":{"rendered":"https:\/\/www.radiomais.ao\/?p=2846"},"modified":"2025-10-30T12:08:31","modified_gmt":"2025-10-30T11:08:31","slug":"tete-antonio-participa-hoje-na-conferencia-para-paz-e-prosperidade-na-regiao-dos-grandes-lagos","status":"publish","type":"post","link":"https:\/\/www.radiomais.ao\/index.php\/2025\/10\/30\/tete-antonio-participa-hoje-na-conferencia-para-paz-e-prosperidade-na-regiao-dos-grandes-lagos\/","title":{"rendered":"T\u00e9te Ant\u00f3nio participa hoje na Confer\u00eancia para Paz e Prosperidade na Regi\u00e3o dos Grandes Lagos."},"content":{"rendered":"\n<p>O ministro das Rela\u00e7\u00f5es Exteriores, T\u00e9te Ant\u00f3nio, que vai representar esta quinta-feira, 30, a Rep\u00fablica de Angola na Confer\u00eancia para a Paz e Prosperidade na Regi\u00e3o dos Grandes Lagos, chegou \u00e0 Rep\u00fablica Francesa na noite desta quarta-feira. Fonte <strong><em><a href=\"https:\/\/www.opais.ao\/politica\/tete-antonio-participa-hoje-na-conferencia-para-paz-e-prosperidade-na-regiao-dos-grandes-lagos\/\">Opa\u00eds<\/a><\/em><\/strong><\/p>\n","protected":false},"excerpt":{"rendered":"<p>O ministro das Rela\u00e7\u00f5es Exteriores, T\u00e9te Ant\u00f3nio, que vai representar esta quinta-feira, 30, a Rep\u00fablica de Angola na Confer\u00eancia para a Paz e Prosperidade na Regi\u00e3o dos Grandes Lagos, chegou \u00e0 Rep\u00fablica Francesa na noite desta quarta-feira. Fonte Opa\u00eds<\/p>\n","protected":false},"author":3,"featured_media":2847,"comment_status":"open","ping_status":"open","sticky":false,"template":"","format":"standard","meta":{"footnotes":""},"categories":[16],"tags":[349,1055,765],"class_list":["post-2846","post","type-post","status-publish","format-standard","has-post-thumbnail","hentry","category-actualidade","tag-conferencia","tag-regiao-dos-grandes-lagos","tag-tete-antonio"],"blocksy_meta":[],"_links":{"self":[{"href":"https:\/\/www.radiomais.ao\/index.php\/wp-json\/wp\/v2\/posts\/2846","targetHints":{"allow":["GET"]}}],"collection":[{"href":"https:\/\/www.radiomais.ao\/index.php\/wp-json\/wp\/v2\/posts"}],"about":[{"href":"https:\/\/www.radiomais.ao\/index.php\/wp-json\/wp\/v2\/types\/post"}],"author":[{"embeddable":true,"href":"https:\/\/www.radiomais.ao\/index.php\/wp-json\/wp\/v2\/users\/3"}],"replies":[{"embeddable":true,"href":"https:\/\/www.radiomais.ao\/index.php\/wp-json\/wp\/v2\/comments?post=2846"}],"version-history":[{"count":1,"href":"https:\/\/www.radiomais.ao\/index.php\/wp-json\/wp\/v2\/posts\/2846\/revisions"}],"predecessor-version":[{"id":2848,"href":"https:\/\/www.radiomais.ao\/index.php\/wp-json\/wp\/v2\/posts\/2846\/revisions\/2848"}],"wp:featuredmedia":[{"embeddable":true,"href":"https:\/\/www.radiomais.ao\/index.php\/wp-json\/wp\/v2\/media\/2847"}],"wp:attachment":[{"href":"https:\/\/www.radiomais.ao\/index.php\/wp-json\/wp\/v2\/media?parent=2846"}],"wp:term":[{"taxonomy":"category","embeddable":true,"href":"https:\/\/www.radiomais.ao\/index.php\/wp-json\/wp\/v2\/categories?post=2846"},{"taxonomy":"post_tag","embeddable":true,"href":"https:\/\/www.radiomais.ao\/index.php\/wp-json\/wp\/v2\/tags?post=2846"}],"curies":[{"name":"wp","href":"https:\/\/api.w.org\/{rel}","templated":true}]}}