{"id":2849,"date":"2025-10-30T12:13:36","date_gmt":"2025-10-30T11:13:36","guid":{"rendered":"https:\/\/www.radiomais.ao\/?p=2849"},"modified":"2025-10-30T12:13:36","modified_gmt":"2025-10-30T11:13:36","slug":"tiro-de-largada-da-volta-a-angola-acontece-hoje-em-mocamedes","status":"publish","type":"post","link":"https:\/\/www.radiomais.ao\/index.php\/2025\/10\/30\/tiro-de-largada-da-volta-a-angola-acontece-hoje-em-mocamedes\/","title":{"rendered":"Tiro de largada da Volta a Angola acontece hoje em Mo\u00e7\u00e2medes."},"content":{"rendered":"\n<p><strong>A quarta edi\u00e7\u00e3o da \u201cVolta a Angola Pepino 2025\u201d, prova internacional de ciclismo em estrada, arranca nesta quinta-feira com a participa\u00e7\u00e3o de mais de 180 ciclistas de 16 pa\u00edses, no quadro dos 50 anos da Independ\u00eancia Nacional<\/strong>. Fonte <strong><em><a href=\"https:\/\/www.opais.ao\/desporto\/tiro-de-largada-da-volta-a-angola-acontece-hoje-em-mocamedes\/\">Opa\u00eds<\/a><\/em><\/strong><\/p>\n","protected":false},"excerpt":{"rendered":"<p>A quarta edi\u00e7\u00e3o da \u201cVolta a Angola Pepino 2025\u201d, prova internacional de ciclismo em estrada, arranca nesta quinta-feira com a participa\u00e7\u00e3o de mais de 180 ciclistas de 16 pa\u00edses, no quadro dos 50 anos da Independ\u00eancia Nacional. Fonte Opa\u00eds<\/p>\n","protected":false},"author":3,"featured_media":2850,"comment_status":"open","ping_status":"open","sticky":false,"template":"","format":"standard","meta":{"footnotes":""},"categories":[16],"tags":[1056,171],"class_list":["post-2849","post","type-post","status-publish","format-standard","has-post-thumbnail","hentry","category-actualidade","tag-corrida","tag-mocamedes"],"blocksy_meta":[],"_links":{"self":[{"href":"https:\/\/www.radiomais.ao\/index.php\/wp-json\/wp\/v2\/posts\/2849","targetHints":{"allow":["GET"]}}],"collection":[{"href":"https:\/\/www.radiomais.ao\/index.php\/wp-json\/wp\/v2\/posts"}],"about":[{"href":"https:\/\/www.radiomais.ao\/index.php\/wp-json\/wp\/v2\/types\/post"}],"author":[{"embeddable":true,"href":"https:\/\/www.radiomais.ao\/index.php\/wp-json\/wp\/v2\/users\/3"}],"replies":[{"embeddable":true,"href":"https:\/\/www.radiomais.ao\/index.php\/wp-json\/wp\/v2\/comments?post=2849"}],"version-history":[{"count":1,"href":"https:\/\/www.radiomais.ao\/index.php\/wp-json\/wp\/v2\/posts\/2849\/revisions"}],"predecessor-version":[{"id":2851,"href":"https:\/\/www.radiomais.ao\/index.php\/wp-json\/wp\/v2\/posts\/2849\/revisions\/2851"}],"wp:featuredmedia":[{"embeddable":true,"href":"https:\/\/www.radiomais.ao\/index.php\/wp-json\/wp\/v2\/media\/2850"}],"wp:attachment":[{"href":"https:\/\/www.radiomais.ao\/index.php\/wp-json\/wp\/v2\/media?parent=2849"}],"wp:term":[{"taxonomy":"category","embeddable":true,"href":"https:\/\/www.radiomais.ao\/index.php\/wp-json\/wp\/v2\/categories?post=2849"},{"taxonomy":"post_tag","embeddable":true,"href":"https:\/\/www.radiomais.ao\/index.php\/wp-json\/wp\/v2\/tags?post=2849"}],"curies":[{"name":"wp","href":"https:\/\/api.w.org\/{rel}","templated":true}]}}