{"id":2856,"date":"2025-11-12T09:21:05","date_gmt":"2025-11-12T08:21:05","guid":{"rendered":"https:\/\/www.radiomais.ao\/?p=2856"},"modified":"2025-11-12T09:21:05","modified_gmt":"2025-11-12T08:21:05","slug":"donald-trump-felicita-angola-pelos-50-anos-de-independencia","status":"publish","type":"post","link":"https:\/\/www.radiomais.ao\/index.php\/2025\/11\/12\/donald-trump-felicita-angola-pelos-50-anos-de-independencia\/","title":{"rendered":"Donald Trump felicita Angola pelos 50 anos de independ\u00eancia."},"content":{"rendered":"\n<p><strong>O Presidente norte-americano, Donald Trump, felicitou ontem o povo angolano pela celebra\u00e7\u00e3o dos 50 anos de independ\u00eancia e destacou a \u201ccrescente\u201d colabora\u00e7\u00e3o nos sectores da energia, infra-estruturas e investimento privado<\/strong>. Fonte <strong><em><a href=\"https:\/\/www.opais.ao\/politica\/donald-trump-felicita-angola-pelos-50-anos-de-independencia\/\">Opa\u00eds<\/a><\/em><\/strong><\/p>\n","protected":false},"excerpt":{"rendered":"<p>O Presidente norte-americano, Donald Trump, felicitou ontem o povo angolano pela celebra\u00e7\u00e3o dos 50 anos de independ\u00eancia e destacou a \u201ccrescente\u201d colabora\u00e7\u00e3o nos sectores da energia, infra-estruturas e investimento privado. Fonte Opa\u00eds<\/p>\n","protected":false},"author":3,"featured_media":2857,"comment_status":"open","ping_status":"open","sticky":false,"template":"","format":"standard","meta":{"footnotes":""},"categories":[16],"tags":[1058,1059],"class_list":["post-2856","post","type-post","status-publish","format-standard","has-post-thumbnail","hentry","category-actualidade","tag-donald-trump","tag-felicita-angola"],"blocksy_meta":[],"_links":{"self":[{"href":"https:\/\/www.radiomais.ao\/index.php\/wp-json\/wp\/v2\/posts\/2856","targetHints":{"allow":["GET"]}}],"collection":[{"href":"https:\/\/www.radiomais.ao\/index.php\/wp-json\/wp\/v2\/posts"}],"about":[{"href":"https:\/\/www.radiomais.ao\/index.php\/wp-json\/wp\/v2\/types\/post"}],"author":[{"embeddable":true,"href":"https:\/\/www.radiomais.ao\/index.php\/wp-json\/wp\/v2\/users\/3"}],"replies":[{"embeddable":true,"href":"https:\/\/www.radiomais.ao\/index.php\/wp-json\/wp\/v2\/comments?post=2856"}],"version-history":[{"count":1,"href":"https:\/\/www.radiomais.ao\/index.php\/wp-json\/wp\/v2\/posts\/2856\/revisions"}],"predecessor-version":[{"id":2858,"href":"https:\/\/www.radiomais.ao\/index.php\/wp-json\/wp\/v2\/posts\/2856\/revisions\/2858"}],"wp:featuredmedia":[{"embeddable":true,"href":"https:\/\/www.radiomais.ao\/index.php\/wp-json\/wp\/v2\/media\/2857"}],"wp:attachment":[{"href":"https:\/\/www.radiomais.ao\/index.php\/wp-json\/wp\/v2\/media?parent=2856"}],"wp:term":[{"taxonomy":"category","embeddable":true,"href":"https:\/\/www.radiomais.ao\/index.php\/wp-json\/wp\/v2\/categories?post=2856"},{"taxonomy":"post_tag","embeddable":true,"href":"https:\/\/www.radiomais.ao\/index.php\/wp-json\/wp\/v2\/tags?post=2856"}],"curies":[{"name":"wp","href":"https:\/\/api.w.org\/{rel}","templated":true}]}}