{"id":2862,"date":"2025-11-12T09:35:54","date_gmt":"2025-11-12T08:35:54","guid":{"rendered":"https:\/\/www.radiomais.ao\/?p=2862"},"modified":"2025-11-12T09:35:54","modified_gmt":"2025-11-12T08:35:54","slug":"pr-destaca-importancia-do-investimento-no-sector-do-ensino","status":"publish","type":"post","link":"https:\/\/www.radiomais.ao\/index.php\/2025\/11\/12\/pr-destaca-importancia-do-investimento-no-sector-do-ensino\/","title":{"rendered":"PR destaca import\u00e2ncia do investimento no sector do ensino."},"content":{"rendered":"\n<p>O Presidente da Rep\u00fablica, Jo\u00e3o Louren\u00e7o, sublinhou, h\u00e1 instantes, a necessidade do investimento no sector do ensino com vista \u00e0 melhoria do processo de aprendizagem.. Fonte  <strong><em><a href=\"http:\/\/O Presidente da Rep\u00fablica, Jo\u00e3o Louren\u00e7o, sublinhou, h\u00e1 instantes, a necessidade do investimento no sector do ensino com vista \u00e0 melhoria do processo de aprendizagem.\">Opa\u00eds<\/a><\/em><\/strong><\/p>\n","protected":false},"excerpt":{"rendered":"<p>O Presidente da Rep\u00fablica, Jo\u00e3o Louren\u00e7o, sublinhou, h\u00e1 instantes, a necessidade do investimento no sector do ensino com vista \u00e0 melhoria do processo de aprendizagem.. Fonte Opa\u00eds<\/p>\n","protected":false},"author":3,"featured_media":2863,"comment_status":"open","ping_status":"open","sticky":false,"template":"","format":"standard","meta":{"footnotes":""},"categories":[16],"tags":[1063,1062],"class_list":["post-2862","post","type-post","status-publish","format-standard","has-post-thumbnail","hentry","category-actualidade","tag-importancia-de-ensino","tag-pr-destaca"],"blocksy_meta":[],"_links":{"self":[{"href":"https:\/\/www.radiomais.ao\/index.php\/wp-json\/wp\/v2\/posts\/2862","targetHints":{"allow":["GET"]}}],"collection":[{"href":"https:\/\/www.radiomais.ao\/index.php\/wp-json\/wp\/v2\/posts"}],"about":[{"href":"https:\/\/www.radiomais.ao\/index.php\/wp-json\/wp\/v2\/types\/post"}],"author":[{"embeddable":true,"href":"https:\/\/www.radiomais.ao\/index.php\/wp-json\/wp\/v2\/users\/3"}],"replies":[{"embeddable":true,"href":"https:\/\/www.radiomais.ao\/index.php\/wp-json\/wp\/v2\/comments?post=2862"}],"version-history":[{"count":1,"href":"https:\/\/www.radiomais.ao\/index.php\/wp-json\/wp\/v2\/posts\/2862\/revisions"}],"predecessor-version":[{"id":2864,"href":"https:\/\/www.radiomais.ao\/index.php\/wp-json\/wp\/v2\/posts\/2862\/revisions\/2864"}],"wp:featuredmedia":[{"embeddable":true,"href":"https:\/\/www.radiomais.ao\/index.php\/wp-json\/wp\/v2\/media\/2863"}],"wp:attachment":[{"href":"https:\/\/www.radiomais.ao\/index.php\/wp-json\/wp\/v2\/media?parent=2862"}],"wp:term":[{"taxonomy":"category","embeddable":true,"href":"https:\/\/www.radiomais.ao\/index.php\/wp-json\/wp\/v2\/categories?post=2862"},{"taxonomy":"post_tag","embeddable":true,"href":"https:\/\/www.radiomais.ao\/index.php\/wp-json\/wp\/v2\/tags?post=2862"}],"curies":[{"name":"wp","href":"https:\/\/api.w.org\/{rel}","templated":true}]}}