{"id":2865,"date":"2025-11-12T09:39:53","date_gmt":"2025-11-12T08:39:53","guid":{"rendered":"https:\/\/www.radiomais.ao\/?p=2865"},"modified":"2025-11-12T09:39:53","modified_gmt":"2025-11-12T08:39:53","slug":"ministra-esclarece-caso-da-menina-que-internou-supostamente-apos-vacinacao-contra-o-hpv","status":"publish","type":"post","link":"https:\/\/www.radiomais.ao\/index.php\/2025\/11\/12\/ministra-esclarece-caso-da-menina-que-internou-supostamente-apos-vacinacao-contra-o-hpv\/","title":{"rendered":"Ministra esclarece caso da menina que internou supostamente ap\u00f3s vacina\u00e7\u00e3o contra o HPV."},"content":{"rendered":"\n<p><strong>Familiares de uma menor de 12 anos denunciam o agravamento do seu estado de sa\u00fade ap\u00f3s ter sido vacinada contra o cancro do colo do \u00fatero, no \u00e2mbito da campanha nacional de imuniza\u00e7\u00e3o contra o V\u00edrus do Papiloma Humano (HPV) em curso no pa\u00eds. Ontem, a Ministra da Sa\u00fade, S\u00edlvia Lutucuta, se pronunciou sobre o estado da menina<\/strong>. Fonte<strong><em><a href=\"https:\/\/www.opais.ao\/ultimas_hora\/ministra-esclarece-caso-da-menina-que-internou-supostamente-apos-vacinacao-contra-o-hpv\/\"> Opa\u00eds<\/a><\/em><\/strong><\/p>\n","protected":false},"excerpt":{"rendered":"<p>Familiares de uma menor de 12 anos denunciam o agravamento do seu estado de sa\u00fade ap\u00f3s ter sido vacinada contra o cancro do colo do \u00fatero, no \u00e2mbito da campanha nacional de imuniza\u00e7\u00e3o contra o V\u00edrus do Papiloma Humano (HPV) em curso no pa\u00eds. Ontem, a Ministra da Sa\u00fade, S\u00edlvia Lutucuta, se pronunciou sobre o [&hellip;]<\/p>\n","protected":false},"author":3,"featured_media":2866,"comment_status":"open","ping_status":"open","sticky":false,"template":"","format":"standard","meta":{"footnotes":""},"categories":[16],"tags":[1066,1065,1064],"class_list":["post-2865","post","type-post","status-publish","format-standard","has-post-thumbnail","hentry","category-actualidade","tag-menina-internada","tag-ministra-da-saude","tag-vacina-hpv"],"blocksy_meta":[],"_links":{"self":[{"href":"https:\/\/www.radiomais.ao\/index.php\/wp-json\/wp\/v2\/posts\/2865","targetHints":{"allow":["GET"]}}],"collection":[{"href":"https:\/\/www.radiomais.ao\/index.php\/wp-json\/wp\/v2\/posts"}],"about":[{"href":"https:\/\/www.radiomais.ao\/index.php\/wp-json\/wp\/v2\/types\/post"}],"author":[{"embeddable":true,"href":"https:\/\/www.radiomais.ao\/index.php\/wp-json\/wp\/v2\/users\/3"}],"replies":[{"embeddable":true,"href":"https:\/\/www.radiomais.ao\/index.php\/wp-json\/wp\/v2\/comments?post=2865"}],"version-history":[{"count":1,"href":"https:\/\/www.radiomais.ao\/index.php\/wp-json\/wp\/v2\/posts\/2865\/revisions"}],"predecessor-version":[{"id":2867,"href":"https:\/\/www.radiomais.ao\/index.php\/wp-json\/wp\/v2\/posts\/2865\/revisions\/2867"}],"wp:featuredmedia":[{"embeddable":true,"href":"https:\/\/www.radiomais.ao\/index.php\/wp-json\/wp\/v2\/media\/2866"}],"wp:attachment":[{"href":"https:\/\/www.radiomais.ao\/index.php\/wp-json\/wp\/v2\/media?parent=2865"}],"wp:term":[{"taxonomy":"category","embeddable":true,"href":"https:\/\/www.radiomais.ao\/index.php\/wp-json\/wp\/v2\/categories?post=2865"},{"taxonomy":"post_tag","embeddable":true,"href":"https:\/\/www.radiomais.ao\/index.php\/wp-json\/wp\/v2\/tags?post=2865"}],"curies":[{"name":"wp","href":"https:\/\/api.w.org\/{rel}","templated":true}]}}