{"id":2871,"date":"2025-11-12T09:50:47","date_gmt":"2025-11-12T08:50:47","guid":{"rendered":"https:\/\/www.radiomais.ao\/?p=2871"},"modified":"2025-11-12T09:50:47","modified_gmt":"2025-11-12T08:50:47","slug":"pr-destaca-potencial-do-corredor-do-lobito","status":"publish","type":"post","link":"https:\/\/www.radiomais.ao\/index.php\/2025\/11\/12\/pr-destaca-potencial-do-corredor-do-lobito\/","title":{"rendered":"PR destaca potencial do Corredor do Lobito."},"content":{"rendered":"\n<p>O Presidente da Rep\u00fablica, Jo\u00e3o Louren\u00e7o, destacou, esta manh\u00e3, na Pra\u00e7a da Rep\u00fablica, em Luanda, o potencial do Corredor do Lobito para o desenvolvimento de Angola. Fonte <strong><em><a href=\"https:\/\/www.opais.ao\/economia\/pr-destaca-potencial-do-corredor-do-lobito\/\">Opa\u00eds<\/a><\/em><\/strong><\/p>\n","protected":false},"excerpt":{"rendered":"<p>O Presidente da Rep\u00fablica, Jo\u00e3o Louren\u00e7o, destacou, esta manh\u00e3, na Pra\u00e7a da Rep\u00fablica, em Luanda, o potencial do Corredor do Lobito para o desenvolvimento de Angola. Fonte Opa\u00eds<\/p>\n","protected":false},"author":3,"featured_media":2872,"comment_status":"open","ping_status":"open","sticky":false,"template":"","format":"standard","meta":{"footnotes":""},"categories":[16],"tags":[1034,1062],"class_list":["post-2871","post","type-post","status-publish","format-standard","has-post-thumbnail","hentry","category-actualidade","tag-corredor-do-lobito","tag-pr-destaca"],"blocksy_meta":[],"_links":{"self":[{"href":"https:\/\/www.radiomais.ao\/index.php\/wp-json\/wp\/v2\/posts\/2871","targetHints":{"allow":["GET"]}}],"collection":[{"href":"https:\/\/www.radiomais.ao\/index.php\/wp-json\/wp\/v2\/posts"}],"about":[{"href":"https:\/\/www.radiomais.ao\/index.php\/wp-json\/wp\/v2\/types\/post"}],"author":[{"embeddable":true,"href":"https:\/\/www.radiomais.ao\/index.php\/wp-json\/wp\/v2\/users\/3"}],"replies":[{"embeddable":true,"href":"https:\/\/www.radiomais.ao\/index.php\/wp-json\/wp\/v2\/comments?post=2871"}],"version-history":[{"count":1,"href":"https:\/\/www.radiomais.ao\/index.php\/wp-json\/wp\/v2\/posts\/2871\/revisions"}],"predecessor-version":[{"id":2873,"href":"https:\/\/www.radiomais.ao\/index.php\/wp-json\/wp\/v2\/posts\/2871\/revisions\/2873"}],"wp:featuredmedia":[{"embeddable":true,"href":"https:\/\/www.radiomais.ao\/index.php\/wp-json\/wp\/v2\/media\/2872"}],"wp:attachment":[{"href":"https:\/\/www.radiomais.ao\/index.php\/wp-json\/wp\/v2\/media?parent=2871"}],"wp:term":[{"taxonomy":"category","embeddable":true,"href":"https:\/\/www.radiomais.ao\/index.php\/wp-json\/wp\/v2\/categories?post=2871"},{"taxonomy":"post_tag","embeddable":true,"href":"https:\/\/www.radiomais.ao\/index.php\/wp-json\/wp\/v2\/tags?post=2871"}],"curies":[{"name":"wp","href":"https:\/\/api.w.org\/{rel}","templated":true}]}}