{"id":2874,"date":"2025-11-12T09:57:05","date_gmt":"2025-11-12T08:57:05","guid":{"rendered":"https:\/\/www.radiomais.ao\/?p=2874"},"modified":"2025-11-12T09:57:05","modified_gmt":"2025-11-12T08:57:05","slug":"cronica-o-legado-de-joao-lourenco","status":"publish","type":"post","link":"https:\/\/www.radiomais.ao\/index.php\/2025\/11\/12\/cronica-o-legado-de-joao-lourenco\/","title":{"rendered":"Cr\u00f3nica: O legado de Jo\u00e3o Louren\u00e7o"},"content":{"rendered":"\n<p>Amenos de dois anos do fim do segundo mandato, o Presidente da Rep\u00fablica, Jo\u00e3o Louren\u00e7o, demonstrou, na entrevista que concedeu no passado dia 7 de Novembro \u00e0 CNN, n\u00e3o estar interessado num terceiro mandato, at\u00e9 porque a Constitui\u00e7\u00e3o da Rep\u00fablica de Angola limita categoricamente qualquer pretens\u00e3o nesse sentido.Ali\u00e1s, j\u00e1 em ocasi\u00f5es anteriores deu sinais nesse mesmo sentido, apesar das informa\u00e7\u00f5es n\u00e3o confirmadas que sectores da oposi\u00e7\u00e3o pol\u00edtica, durante algum tempo, foram alardeando. Por (Dani Costa) Fonte <strong><em><a href=\"https:\/\/www.opais.ao\/opiniao\/o-legado-de-joao-lourenco-2\/\">Opa\u00eds<\/a><\/em><\/strong><\/p>\n\n\n\n<p><\/p>\n","protected":false},"excerpt":{"rendered":"<p>Amenos de dois anos do fim do segundo mandato, o Presidente da Rep\u00fablica, Jo\u00e3o Louren\u00e7o, demonstrou, na entrevista que concedeu no passado dia 7 de Novembro \u00e0 CNN, n\u00e3o estar interessado num terceiro mandato, at\u00e9 porque a Constitui\u00e7\u00e3o da Rep\u00fablica de Angola limita categoricamente qualquer pretens\u00e3o nesse sentido.Ali\u00e1s, j\u00e1 em ocasi\u00f5es anteriores deu sinais nesse [&hellip;]<\/p>\n","protected":false},"author":3,"featured_media":2875,"comment_status":"open","ping_status":"open","sticky":false,"template":"","format":"standard","meta":{"footnotes":""},"categories":[16],"tags":[1068,1069],"class_list":["post-2874","post","type-post","status-publish","format-standard","has-post-thumbnail","hentry","category-actualidade","tag-cronica","tag-o-legado-de-joao-lourenco"],"blocksy_meta":[],"_links":{"self":[{"href":"https:\/\/www.radiomais.ao\/index.php\/wp-json\/wp\/v2\/posts\/2874","targetHints":{"allow":["GET"]}}],"collection":[{"href":"https:\/\/www.radiomais.ao\/index.php\/wp-json\/wp\/v2\/posts"}],"about":[{"href":"https:\/\/www.radiomais.ao\/index.php\/wp-json\/wp\/v2\/types\/post"}],"author":[{"embeddable":true,"href":"https:\/\/www.radiomais.ao\/index.php\/wp-json\/wp\/v2\/users\/3"}],"replies":[{"embeddable":true,"href":"https:\/\/www.radiomais.ao\/index.php\/wp-json\/wp\/v2\/comments?post=2874"}],"version-history":[{"count":1,"href":"https:\/\/www.radiomais.ao\/index.php\/wp-json\/wp\/v2\/posts\/2874\/revisions"}],"predecessor-version":[{"id":2876,"href":"https:\/\/www.radiomais.ao\/index.php\/wp-json\/wp\/v2\/posts\/2874\/revisions\/2876"}],"wp:featuredmedia":[{"embeddable":true,"href":"https:\/\/www.radiomais.ao\/index.php\/wp-json\/wp\/v2\/media\/2875"}],"wp:attachment":[{"href":"https:\/\/www.radiomais.ao\/index.php\/wp-json\/wp\/v2\/media?parent=2874"}],"wp:term":[{"taxonomy":"category","embeddable":true,"href":"https:\/\/www.radiomais.ao\/index.php\/wp-json\/wp\/v2\/categories?post=2874"},{"taxonomy":"post_tag","embeddable":true,"href":"https:\/\/www.radiomais.ao\/index.php\/wp-json\/wp\/v2\/tags?post=2874"}],"curies":[{"name":"wp","href":"https:\/\/api.w.org\/{rel}","templated":true}]}}