{"id":2885,"date":"2025-11-17T09:49:03","date_gmt":"2025-11-17T08:49:03","guid":{"rendered":"https:\/\/www.radiomais.ao\/?p=2885"},"modified":"2025-11-17T09:49:03","modified_gmt":"2025-11-17T08:49:03","slug":"presidente-da-republica-defende-transformacao-da-cirgl","status":"publish","type":"post","link":"https:\/\/www.radiomais.ao\/index.php\/2025\/11\/17\/presidente-da-republica-defende-transformacao-da-cirgl\/","title":{"rendered":"Presidente da Rep\u00fablica defende transforma\u00e7\u00e3o da CIRGL\u00a0."},"content":{"rendered":"\n<p><strong>A elabora\u00e7\u00e3o e aprova\u00e7\u00e3o do Roteiro Conjunto para a Paz na Rep\u00fablica Centro-Africana, a aprova\u00e7\u00e3o do Roteiro da CIRGL sobre o processo de pacifica\u00e7\u00e3o da regi\u00e3o Leste da RDC, a normaliza\u00e7\u00e3o das rela\u00e7\u00f5es pol\u00edtico-diplom\u00e1ticas e de coopera\u00e7\u00e3o entre a RDC e o Ruanda, o acordo sobre a institui\u00e7\u00e3o de um cessar-fogo entre as partes em conflito no Leste da RDC foram alguns dos esfor\u00e7os envolvidos por Angola durante a sua lideran\u00e7a na CIRGL para a busca da paz definitiva nas regi\u00f5es do continente em conflito<\/strong>. Fonte <strong><em><a href=\"https:\/\/www.opais.ao\/politica\/presidente-da-republica-defende-transformacao-da-cirgl-em-verdadeiro-mecanismo-de-resolucao-de-conflitos\/\">Opa\u00eds<\/a><\/em><\/strong><\/p>\n","protected":false},"excerpt":{"rendered":"<p>A elabora\u00e7\u00e3o e aprova\u00e7\u00e3o do Roteiro Conjunto para a Paz na Rep\u00fablica Centro-Africana, a aprova\u00e7\u00e3o do Roteiro da CIRGL sobre o processo de pacifica\u00e7\u00e3o da regi\u00e3o Leste da RDC, a normaliza\u00e7\u00e3o das rela\u00e7\u00f5es pol\u00edtico-diplom\u00e1ticas e de coopera\u00e7\u00e3o entre a RDC e o Ruanda, o acordo sobre a institui\u00e7\u00e3o de um cessar-fogo entre as partes em [&hellip;]<\/p>\n","protected":false},"author":3,"featured_media":2886,"comment_status":"open","ping_status":"open","sticky":false,"template":"","format":"standard","meta":{"footnotes":""},"categories":[16],"tags":[1075,1076,132],"class_list":["post-2885","post","type-post","status-publish","format-standard","has-post-thumbnail","hentry","category-actualidade","tag-cirgl","tag-defende","tag-pr"],"blocksy_meta":[],"_links":{"self":[{"href":"https:\/\/www.radiomais.ao\/index.php\/wp-json\/wp\/v2\/posts\/2885","targetHints":{"allow":["GET"]}}],"collection":[{"href":"https:\/\/www.radiomais.ao\/index.php\/wp-json\/wp\/v2\/posts"}],"about":[{"href":"https:\/\/www.radiomais.ao\/index.php\/wp-json\/wp\/v2\/types\/post"}],"author":[{"embeddable":true,"href":"https:\/\/www.radiomais.ao\/index.php\/wp-json\/wp\/v2\/users\/3"}],"replies":[{"embeddable":true,"href":"https:\/\/www.radiomais.ao\/index.php\/wp-json\/wp\/v2\/comments?post=2885"}],"version-history":[{"count":1,"href":"https:\/\/www.radiomais.ao\/index.php\/wp-json\/wp\/v2\/posts\/2885\/revisions"}],"predecessor-version":[{"id":2887,"href":"https:\/\/www.radiomais.ao\/index.php\/wp-json\/wp\/v2\/posts\/2885\/revisions\/2887"}],"wp:featuredmedia":[{"embeddable":true,"href":"https:\/\/www.radiomais.ao\/index.php\/wp-json\/wp\/v2\/media\/2886"}],"wp:attachment":[{"href":"https:\/\/www.radiomais.ao\/index.php\/wp-json\/wp\/v2\/media?parent=2885"}],"wp:term":[{"taxonomy":"category","embeddable":true,"href":"https:\/\/www.radiomais.ao\/index.php\/wp-json\/wp\/v2\/categories?post=2885"},{"taxonomy":"post_tag","embeddable":true,"href":"https:\/\/www.radiomais.ao\/index.php\/wp-json\/wp\/v2\/tags?post=2885"}],"curies":[{"name":"wp","href":"https:\/\/api.w.org\/{rel}","templated":true}]}}