{"id":2900,"date":"2025-11-17T10:51:10","date_gmt":"2025-11-17T09:51:10","guid":{"rendered":"https:\/\/www.radiomais.ao\/?p=2900"},"modified":"2025-11-17T10:51:10","modified_gmt":"2025-11-17T09:51:10","slug":"anep-defende-criacao-de-zona-economica-de-materiais-de-ensino","status":"publish","type":"post","link":"https:\/\/www.radiomais.ao\/index.php\/2025\/11\/17\/anep-defende-criacao-de-zona-economica-de-materiais-de-ensino\/","title":{"rendered":"ANEP defende cria\u00e7\u00e3o de zona econ\u00f3mica de materiais de ensino."},"content":{"rendered":"\n<p><strong>O presidente da Associa\u00e7\u00e3o Nacional do Ensino Privado (ANEP), Ant\u00f3nio Pacavira, apresentou, durante a III edi\u00e7\u00e3o do F\u00f3rum sobre Educa\u00e7\u00e3o e Ensino \u201cAngola 50 anos\u201d, realizado pela R\u00e1dio Mais, estrat\u00e9gias para a melhoria da qualidade de ensino em Angola, dentre as quais defende a cria\u00e7\u00e3o de uma zona econ\u00f3mica de suporte aos recursos materiais do sector de educa\u00e7\u00e3o<\/strong>.  Fonte <strong><em><a href=\"https:\/\/www.opais.ao\/sociedade\/anep-defende-criacao-de-zona-economica-de-materiais-de-ensino\/\">Opa\u00eds<\/a><\/em><\/strong><\/p>\n","protected":false},"excerpt":{"rendered":"<p>O presidente da Associa\u00e7\u00e3o Nacional do Ensino Privado (ANEP), Ant\u00f3nio Pacavira, apresentou, durante a III edi\u00e7\u00e3o do F\u00f3rum sobre Educa\u00e7\u00e3o e Ensino \u201cAngola 50 anos\u201d, realizado pela R\u00e1dio Mais, estrat\u00e9gias para a melhoria da qualidade de ensino em Angola, dentre as quais defende a cria\u00e7\u00e3o de uma zona econ\u00f3mica de suporte aos recursos materiais do [&hellip;]<\/p>\n","protected":false},"author":3,"featured_media":2901,"comment_status":"open","ping_status":"open","sticky":false,"template":"","format":"standard","meta":{"footnotes":""},"categories":[16],"tags":[247,1087,1086],"class_list":["post-2900","post","type-post","status-publish","format-standard","has-post-thumbnail","hentry","category-actualidade","tag-anep","tag-material-escolar","tag-zona-economica-especial"],"blocksy_meta":[],"_links":{"self":[{"href":"https:\/\/www.radiomais.ao\/index.php\/wp-json\/wp\/v2\/posts\/2900","targetHints":{"allow":["GET"]}}],"collection":[{"href":"https:\/\/www.radiomais.ao\/index.php\/wp-json\/wp\/v2\/posts"}],"about":[{"href":"https:\/\/www.radiomais.ao\/index.php\/wp-json\/wp\/v2\/types\/post"}],"author":[{"embeddable":true,"href":"https:\/\/www.radiomais.ao\/index.php\/wp-json\/wp\/v2\/users\/3"}],"replies":[{"embeddable":true,"href":"https:\/\/www.radiomais.ao\/index.php\/wp-json\/wp\/v2\/comments?post=2900"}],"version-history":[{"count":1,"href":"https:\/\/www.radiomais.ao\/index.php\/wp-json\/wp\/v2\/posts\/2900\/revisions"}],"predecessor-version":[{"id":2902,"href":"https:\/\/www.radiomais.ao\/index.php\/wp-json\/wp\/v2\/posts\/2900\/revisions\/2902"}],"wp:featuredmedia":[{"embeddable":true,"href":"https:\/\/www.radiomais.ao\/index.php\/wp-json\/wp\/v2\/media\/2901"}],"wp:attachment":[{"href":"https:\/\/www.radiomais.ao\/index.php\/wp-json\/wp\/v2\/media?parent=2900"}],"wp:term":[{"taxonomy":"category","embeddable":true,"href":"https:\/\/www.radiomais.ao\/index.php\/wp-json\/wp\/v2\/categories?post=2900"},{"taxonomy":"post_tag","embeddable":true,"href":"https:\/\/www.radiomais.ao\/index.php\/wp-json\/wp\/v2\/tags?post=2900"}],"curies":[{"name":"wp","href":"https:\/\/api.w.org\/{rel}","templated":true}]}}