{"id":2903,"date":"2025-11-17T10:55:12","date_gmt":"2025-11-17T09:55:12","guid":{"rendered":"https:\/\/www.radiomais.ao\/?p=2903"},"modified":"2025-11-17T10:55:12","modified_gmt":"2025-11-17T09:55:12","slug":"policia-nacional-detem-mais-de-100-cidadaos-nas-ultimas-72-horas","status":"publish","type":"post","link":"https:\/\/www.radiomais.ao\/index.php\/2025\/11\/17\/policia-nacional-detem-mais-de-100-cidadaos-nas-ultimas-72-horas\/","title":{"rendered":"Pol\u00edcia Nacional det\u00e9m mais de 100 cidad\u00e3os nas \u00faltimas 72 horas."},"content":{"rendered":"\n<p>O Comando Provincial da Pol\u00edcia Nacional em Luanda anunciou, esta segunda-feira, a deten\u00e7\u00e3o de 133 cidad\u00e3os implicados em diversos crimes, com destaque para 57 deten\u00e7\u00f5es resultantes directamente do patrulhamento. Fonte <strong><em><a href=\"https:\/\/www.opais.ao\/ultimas_hora\/policia-nacional-detem-mais-de-100-cidadaos-nas-ultimas-72-horas\/\">Opa\u00eds<\/a><\/em><\/strong><\/p>\n","protected":false},"excerpt":{"rendered":"<p>O Comando Provincial da Pol\u00edcia Nacional em Luanda anunciou, esta segunda-feira, a deten\u00e7\u00e3o de 133 cidad\u00e3os implicados em diversos crimes, com destaque para 57 deten\u00e7\u00f5es resultantes directamente do patrulhamento. Fonte Opa\u00eds<\/p>\n","protected":false},"author":3,"featured_media":2904,"comment_status":"open","ping_status":"open","sticky":false,"template":"","format":"standard","meta":{"footnotes":""},"categories":[16],"tags":[1088,271,1070],"class_list":["post-2903","post","type-post","status-publish","format-standard","has-post-thumbnail","hentry","category-actualidade","tag-100-detidos","tag-72-horas","tag-pn"],"blocksy_meta":[],"_links":{"self":[{"href":"https:\/\/www.radiomais.ao\/index.php\/wp-json\/wp\/v2\/posts\/2903","targetHints":{"allow":["GET"]}}],"collection":[{"href":"https:\/\/www.radiomais.ao\/index.php\/wp-json\/wp\/v2\/posts"}],"about":[{"href":"https:\/\/www.radiomais.ao\/index.php\/wp-json\/wp\/v2\/types\/post"}],"author":[{"embeddable":true,"href":"https:\/\/www.radiomais.ao\/index.php\/wp-json\/wp\/v2\/users\/3"}],"replies":[{"embeddable":true,"href":"https:\/\/www.radiomais.ao\/index.php\/wp-json\/wp\/v2\/comments?post=2903"}],"version-history":[{"count":1,"href":"https:\/\/www.radiomais.ao\/index.php\/wp-json\/wp\/v2\/posts\/2903\/revisions"}],"predecessor-version":[{"id":2905,"href":"https:\/\/www.radiomais.ao\/index.php\/wp-json\/wp\/v2\/posts\/2903\/revisions\/2905"}],"wp:featuredmedia":[{"embeddable":true,"href":"https:\/\/www.radiomais.ao\/index.php\/wp-json\/wp\/v2\/media\/2904"}],"wp:attachment":[{"href":"https:\/\/www.radiomais.ao\/index.php\/wp-json\/wp\/v2\/media?parent=2903"}],"wp:term":[{"taxonomy":"category","embeddable":true,"href":"https:\/\/www.radiomais.ao\/index.php\/wp-json\/wp\/v2\/categories?post=2903"},{"taxonomy":"post_tag","embeddable":true,"href":"https:\/\/www.radiomais.ao\/index.php\/wp-json\/wp\/v2\/tags?post=2903"}],"curies":[{"name":"wp","href":"https:\/\/api.w.org\/{rel}","templated":true}]}}