{"id":2906,"date":"2025-11-17T11:01:56","date_gmt":"2025-11-17T10:01:56","guid":{"rendered":"https:\/\/www.radiomais.ao\/?p=2906"},"modified":"2025-11-17T11:01:56","modified_gmt":"2025-11-17T10:01:56","slug":"pedro-godinho-lanca-no-dia-19-deste-mes-autobiografia-desistir-nao-e-opcao","status":"publish","type":"post","link":"https:\/\/www.radiomais.ao\/index.php\/2025\/11\/17\/pedro-godinho-lanca-no-dia-19-deste-mes-autobiografia-desistir-nao-e-opcao\/","title":{"rendered":"Pedro Godinho lan\u00e7a no dia 19 deste m\u00eas autobiografia \u201cDesistir N\u00e3o \u00c9 Op\u00e7\u00e3o\u201d"},"content":{"rendered":"\n<p>O engenheiro e empres\u00e1rio, Pedro Godinho, vai apresentar, oficialmente, no pr\u00f3ximo dia 19 deste m\u00eas, a sua t\u00e3o aguardada autobiografia intitulada \u201cDesistir N\u00e3o \u00c9 Op\u00e7\u00e3o\u201d, uma obra em que partilha, pela primeira vez, a sua traject\u00f3ria pessoal, profissional e humanit\u00e1ria. Fonte <strong><em><a href=\"https:\/\/www.opais.ao\/ultimas_hora\/pedro-godinho-lanca-no-dia-19-deste-mes-autobiografia-desistir-nao-e-opcao\/\">Opa\u00eds<\/a><\/em><\/strong><\/p>\n","protected":false},"excerpt":{"rendered":"<p>O engenheiro e empres\u00e1rio, Pedro Godinho, vai apresentar, oficialmente, no pr\u00f3ximo dia 19 deste m\u00eas, a sua t\u00e3o aguardada autobiografia intitulada \u201cDesistir N\u00e3o \u00c9 Op\u00e7\u00e3o\u201d, uma obra em que partilha, pela primeira vez, a sua traject\u00f3ria pessoal, profissional e humanit\u00e1ria. Fonte Opa\u00eds<\/p>\n","protected":false},"author":3,"featured_media":2907,"comment_status":"open","ping_status":"open","sticky":false,"template":"","format":"standard","meta":{"footnotes":""},"categories":[16],"tags":[1090,1089],"class_list":["post-2906","post","type-post","status-publish","format-standard","has-post-thumbnail","hentry","category-actualidade","tag-autobiografoa","tag-pedro-godinho"],"blocksy_meta":[],"_links":{"self":[{"href":"https:\/\/www.radiomais.ao\/index.php\/wp-json\/wp\/v2\/posts\/2906","targetHints":{"allow":["GET"]}}],"collection":[{"href":"https:\/\/www.radiomais.ao\/index.php\/wp-json\/wp\/v2\/posts"}],"about":[{"href":"https:\/\/www.radiomais.ao\/index.php\/wp-json\/wp\/v2\/types\/post"}],"author":[{"embeddable":true,"href":"https:\/\/www.radiomais.ao\/index.php\/wp-json\/wp\/v2\/users\/3"}],"replies":[{"embeddable":true,"href":"https:\/\/www.radiomais.ao\/index.php\/wp-json\/wp\/v2\/comments?post=2906"}],"version-history":[{"count":1,"href":"https:\/\/www.radiomais.ao\/index.php\/wp-json\/wp\/v2\/posts\/2906\/revisions"}],"predecessor-version":[{"id":2908,"href":"https:\/\/www.radiomais.ao\/index.php\/wp-json\/wp\/v2\/posts\/2906\/revisions\/2908"}],"wp:featuredmedia":[{"embeddable":true,"href":"https:\/\/www.radiomais.ao\/index.php\/wp-json\/wp\/v2\/media\/2907"}],"wp:attachment":[{"href":"https:\/\/www.radiomais.ao\/index.php\/wp-json\/wp\/v2\/media?parent=2906"}],"wp:term":[{"taxonomy":"category","embeddable":true,"href":"https:\/\/www.radiomais.ao\/index.php\/wp-json\/wp\/v2\/categories?post=2906"},{"taxonomy":"post_tag","embeddable":true,"href":"https:\/\/www.radiomais.ao\/index.php\/wp-json\/wp\/v2\/tags?post=2906"}],"curies":[{"name":"wp","href":"https:\/\/api.w.org\/{rel}","templated":true}]}}