{"id":2915,"date":"2025-11-17T11:14:48","date_gmt":"2025-11-17T10:14:48","guid":{"rendered":"https:\/\/www.radiomais.ao\/?p=2915"},"modified":"2025-11-17T11:14:48","modified_gmt":"2025-11-17T10:14:48","slug":"fredy-ribeiro-desfalca-palancas-negras-no-jogo-frente-a-zambia-desta-terca-feira-no-11-de-novembro","status":"publish","type":"post","link":"https:\/\/www.radiomais.ao\/index.php\/2025\/11\/17\/fredy-ribeiro-desfalca-palancas-negras-no-jogo-frente-a-zambia-desta-terca-feira-no-11-de-novembro\/","title":{"rendered":"Fredy Ribeiro desfalca Palancas Negras no jogo frente \u00e0 Z\u00e2mbia desta ter\u00e7a-feira no 11 de Novembro."},"content":{"rendered":"\n<p>De acordo com fonte da Federa\u00e7\u00e3o Angolana de Futebol (FAF), Fredy Ribeiro foi dispensado dos trabalhos do combinado angolano para resolver assuntos pessoais. Fonte <strong><em><a href=\"https:\/\/www.opais.ao\/desporto\/fredy-ribeiro-desfalca-palancas-negras-no-jogo-frente-a-zambia-desta-terca-feira-no-11-de-novembro\/\">Opa\u00eds<\/a><\/em><\/strong><\/p>\n\n\n\n<p><\/p>\n","protected":false},"excerpt":{"rendered":"<p>De acordo com fonte da Federa\u00e7\u00e3o Angolana de Futebol (FAF), Fredy Ribeiro foi dispensado dos trabalhos do combinado angolano para resolver assuntos pessoais. Fonte Opa\u00eds<\/p>\n","protected":false},"author":3,"featured_media":2916,"comment_status":"open","ping_status":"open","sticky":false,"template":"","format":"standard","meta":{"footnotes":""},"categories":[16],"tags":[1096,1095],"class_list":["post-2915","post","type-post","status-publish","format-standard","has-post-thumbnail","hentry","category-actualidade","tag-desfalca-jogo","tag-fredy-ribeiro"],"blocksy_meta":[],"_links":{"self":[{"href":"https:\/\/www.radiomais.ao\/index.php\/wp-json\/wp\/v2\/posts\/2915","targetHints":{"allow":["GET"]}}],"collection":[{"href":"https:\/\/www.radiomais.ao\/index.php\/wp-json\/wp\/v2\/posts"}],"about":[{"href":"https:\/\/www.radiomais.ao\/index.php\/wp-json\/wp\/v2\/types\/post"}],"author":[{"embeddable":true,"href":"https:\/\/www.radiomais.ao\/index.php\/wp-json\/wp\/v2\/users\/3"}],"replies":[{"embeddable":true,"href":"https:\/\/www.radiomais.ao\/index.php\/wp-json\/wp\/v2\/comments?post=2915"}],"version-history":[{"count":1,"href":"https:\/\/www.radiomais.ao\/index.php\/wp-json\/wp\/v2\/posts\/2915\/revisions"}],"predecessor-version":[{"id":2917,"href":"https:\/\/www.radiomais.ao\/index.php\/wp-json\/wp\/v2\/posts\/2915\/revisions\/2917"}],"wp:featuredmedia":[{"embeddable":true,"href":"https:\/\/www.radiomais.ao\/index.php\/wp-json\/wp\/v2\/media\/2916"}],"wp:attachment":[{"href":"https:\/\/www.radiomais.ao\/index.php\/wp-json\/wp\/v2\/media?parent=2915"}],"wp:term":[{"taxonomy":"category","embeddable":true,"href":"https:\/\/www.radiomais.ao\/index.php\/wp-json\/wp\/v2\/categories?post=2915"},{"taxonomy":"post_tag","embeddable":true,"href":"https:\/\/www.radiomais.ao\/index.php\/wp-json\/wp\/v2\/tags?post=2915"}],"curies":[{"name":"wp","href":"https:\/\/api.w.org\/{rel}","templated":true}]}}