{"id":2918,"date":"2025-11-17T11:29:49","date_gmt":"2025-11-17T10:29:49","guid":{"rendered":"https:\/\/www.radiomais.ao\/?p=2918"},"modified":"2025-11-17T11:29:49","modified_gmt":"2025-11-17T10:29:49","slug":"adao-de-almeida-promete-colocar-o-parlamento-ao-servico-do-cidadao","status":"publish","type":"post","link":"https:\/\/www.radiomais.ao\/index.php\/2025\/11\/17\/adao-de-almeida-promete-colocar-o-parlamento-ao-servico-do-cidadao\/","title":{"rendered":"Ad\u00e3o de Almeida promete colocar o Parlamento ao servi\u00e7o do cidad\u00e3o."},"content":{"rendered":"\n<p>Durante o seu discurso de tomada de posse, Ad\u00e3o de Almeida prometeu, ainda, agir, sempre, com equil\u00edbrio e isen\u00e7\u00e3o com vista a respeitar e dignificar a Assembleia Nacional. Fonte <strong><em><a href=\"https:\/\/www.opais.ao\/politica\/adao-de-almeida-promete-colocar-o-parlamento-ao-servico-do-cidadao\/\">Opa\u00eds<\/a><\/em><\/strong><\/p>\n","protected":false},"excerpt":{"rendered":"<p>Durante o seu discurso de tomada de posse, Ad\u00e3o de Almeida prometeu, ainda, agir, sempre, com equil\u00edbrio e isen\u00e7\u00e3o com vista a respeitar e dignificar a Assembleia Nacional. Fonte Opa\u00eds<\/p>\n","protected":false},"author":3,"featured_media":2919,"comment_status":"open","ping_status":"open","sticky":false,"template":"","format":"standard","meta":{"footnotes":""},"categories":[16],"tags":[1097,1098],"class_list":["post-2918","post","type-post","status-publish","format-standard","has-post-thumbnail","hentry","category-actualidade","tag-adao-de-almeida","tag-coloca-asssemblei-a-a-servico-do-cidadao"],"blocksy_meta":[],"_links":{"self":[{"href":"https:\/\/www.radiomais.ao\/index.php\/wp-json\/wp\/v2\/posts\/2918","targetHints":{"allow":["GET"]}}],"collection":[{"href":"https:\/\/www.radiomais.ao\/index.php\/wp-json\/wp\/v2\/posts"}],"about":[{"href":"https:\/\/www.radiomais.ao\/index.php\/wp-json\/wp\/v2\/types\/post"}],"author":[{"embeddable":true,"href":"https:\/\/www.radiomais.ao\/index.php\/wp-json\/wp\/v2\/users\/3"}],"replies":[{"embeddable":true,"href":"https:\/\/www.radiomais.ao\/index.php\/wp-json\/wp\/v2\/comments?post=2918"}],"version-history":[{"count":1,"href":"https:\/\/www.radiomais.ao\/index.php\/wp-json\/wp\/v2\/posts\/2918\/revisions"}],"predecessor-version":[{"id":2920,"href":"https:\/\/www.radiomais.ao\/index.php\/wp-json\/wp\/v2\/posts\/2918\/revisions\/2920"}],"wp:featuredmedia":[{"embeddable":true,"href":"https:\/\/www.radiomais.ao\/index.php\/wp-json\/wp\/v2\/media\/2919"}],"wp:attachment":[{"href":"https:\/\/www.radiomais.ao\/index.php\/wp-json\/wp\/v2\/media?parent=2918"}],"wp:term":[{"taxonomy":"category","embeddable":true,"href":"https:\/\/www.radiomais.ao\/index.php\/wp-json\/wp\/v2\/categories?post=2918"},{"taxonomy":"post_tag","embeddable":true,"href":"https:\/\/www.radiomais.ao\/index.php\/wp-json\/wp\/v2\/tags?post=2918"}],"curies":[{"name":"wp","href":"https:\/\/api.w.org\/{rel}","templated":true}]}}