{"id":2924,"date":"2025-11-17T12:40:37","date_gmt":"2025-11-17T11:40:37","guid":{"rendered":"https:\/\/www.radiomais.ao\/?p=2924"},"modified":"2025-11-17T12:40:37","modified_gmt":"2025-11-17T11:40:37","slug":"vice-presidente-da-republica-visita-museu-do-partido-comunista-chines","status":"publish","type":"post","link":"https:\/\/www.radiomais.ao\/index.php\/2025\/11\/17\/vice-presidente-da-republica-visita-museu-do-partido-comunista-chines\/","title":{"rendered":"Vice-presidente da Rep\u00fablica visita Museu do Partido Comunista Chin\u00eas."},"content":{"rendered":"\n<p>Acompanhada do ministro da Cultura, Filipe Zau, e da embaixadora de Angola na China, Dalva Ringote Allen, Esperan\u00e7a da Costa percorreu os v\u00e1rios segmentos do edif\u00edcio, onde recebeu informa\u00e7\u00f5es sobre a import\u00e2ncia da institui\u00e7\u00e3o museol\u00f3gica, no que diz respeito \u00e0 hist\u00f3ria da actual Rep\u00fablica Popular da China. Fonte<strong><em><a href=\"https:\/\/www.opais.ao\/politica\/vice-presidente-da-republica-visita-museu-do-partido-comunista-chines\/\"> Opa\u00eds<\/a><\/em><\/strong><\/p>\n","protected":false},"excerpt":{"rendered":"<p>Acompanhada do ministro da Cultura, Filipe Zau, e da embaixadora de Angola na China, Dalva Ringote Allen, Esperan\u00e7a da Costa percorreu os v\u00e1rios segmentos do edif\u00edcio, onde recebeu informa\u00e7\u00f5es sobre a import\u00e2ncia da institui\u00e7\u00e3o museol\u00f3gica, no que diz respeito \u00e0 hist\u00f3ria da actual Rep\u00fablica Popular da China. Fonte Opa\u00eds<\/p>\n","protected":false},"author":3,"featured_media":2925,"comment_status":"open","ping_status":"open","sticky":false,"template":"","format":"standard","meta":{"footnotes":""},"categories":[16],"tags":[1100,1101],"class_list":["post-2924","post","type-post","status-publish","format-standard","has-post-thumbnail","hentry","category-actualidade","tag-vice-presidente-2","tag-visita-museu-chines"],"blocksy_meta":[],"_links":{"self":[{"href":"https:\/\/www.radiomais.ao\/index.php\/wp-json\/wp\/v2\/posts\/2924","targetHints":{"allow":["GET"]}}],"collection":[{"href":"https:\/\/www.radiomais.ao\/index.php\/wp-json\/wp\/v2\/posts"}],"about":[{"href":"https:\/\/www.radiomais.ao\/index.php\/wp-json\/wp\/v2\/types\/post"}],"author":[{"embeddable":true,"href":"https:\/\/www.radiomais.ao\/index.php\/wp-json\/wp\/v2\/users\/3"}],"replies":[{"embeddable":true,"href":"https:\/\/www.radiomais.ao\/index.php\/wp-json\/wp\/v2\/comments?post=2924"}],"version-history":[{"count":1,"href":"https:\/\/www.radiomais.ao\/index.php\/wp-json\/wp\/v2\/posts\/2924\/revisions"}],"predecessor-version":[{"id":2926,"href":"https:\/\/www.radiomais.ao\/index.php\/wp-json\/wp\/v2\/posts\/2924\/revisions\/2926"}],"wp:featuredmedia":[{"embeddable":true,"href":"https:\/\/www.radiomais.ao\/index.php\/wp-json\/wp\/v2\/media\/2925"}],"wp:attachment":[{"href":"https:\/\/www.radiomais.ao\/index.php\/wp-json\/wp\/v2\/media?parent=2924"}],"wp:term":[{"taxonomy":"category","embeddable":true,"href":"https:\/\/www.radiomais.ao\/index.php\/wp-json\/wp\/v2\/categories?post=2924"},{"taxonomy":"post_tag","embeddable":true,"href":"https:\/\/www.radiomais.ao\/index.php\/wp-json\/wp\/v2\/tags?post=2924"}],"curies":[{"name":"wp","href":"https:\/\/api.w.org\/{rel}","templated":true}]}}