{"id":2950,"date":"2025-11-19T10:22:16","date_gmt":"2025-11-19T09:22:16","guid":{"rendered":"https:\/\/www.radiomais.ao\/?p=2950"},"modified":"2025-11-19T10:22:16","modified_gmt":"2025-11-19T09:22:16","slug":"isabel-dos-santos-podera-ser-julgada-por-apenas-7-dos-11-crimes-de-que-era-acusada","status":"publish","type":"post","link":"https:\/\/www.radiomais.ao\/index.php\/2025\/11\/19\/isabel-dos-santos-podera-ser-julgada-por-apenas-7-dos-11-crimes-de-que-era-acusada\/","title":{"rendered":"Isabel dos Santos poder\u00e1 ser julgada por apenas 7 dos 11 crimes de que era acusada."},"content":{"rendered":"\n<p><strong>Com esta redu\u00e7\u00e3o no volume de crimes de que vinha sendo imputada, a empres\u00e1ria e filha do ex-presidente da Rep\u00fablica, Jos\u00e9 Eduardo dos Santos, vai, no entanto, ser julgada por outros sete crimes, nomeadamente peculato, burla qualificada, participa\u00e7\u00e3o econ\u00f3mica em neg\u00f3cios, tr\u00e1fico de influ\u00eancias, fraude fiscal qualificada e dois crimes de branqueamento de capitais<\/strong>. Fonte <strong><em><a href=\"https:\/\/www.opais.ao\/politica\/isabel-dos-santos-podera-ser-julgada-por-apenas-7-dos-11-crimes-de-que-era-acusada\/\">Opa\u00eds<\/a><\/em><\/strong><\/p>\n","protected":false},"excerpt":{"rendered":"<p>Com esta redu\u00e7\u00e3o no volume de crimes de que vinha sendo imputada, a empres\u00e1ria e filha do ex-presidente da Rep\u00fablica, Jos\u00e9 Eduardo dos Santos, vai, no entanto, ser julgada por outros sete crimes, nomeadamente peculato, burla qualificada, participa\u00e7\u00e3o econ\u00f3mica em neg\u00f3cios, tr\u00e1fico de influ\u00eancias, fraude fiscal qualificada e dois crimes de branqueamento de capitais. Fonte [&hellip;]<\/p>\n","protected":false},"author":3,"featured_media":2951,"comment_status":"open","ping_status":"open","sticky":false,"template":"","format":"standard","meta":{"footnotes":""},"categories":[16],"tags":[1108,1107,1109],"class_list":["post-2950","post","type-post","status-publish","format-standard","has-post-thumbnail","hentry","category-actualidade","tag-crimes","tag-isabel-dos-santos","tag-julgamento"],"blocksy_meta":[],"_links":{"self":[{"href":"https:\/\/www.radiomais.ao\/index.php\/wp-json\/wp\/v2\/posts\/2950","targetHints":{"allow":["GET"]}}],"collection":[{"href":"https:\/\/www.radiomais.ao\/index.php\/wp-json\/wp\/v2\/posts"}],"about":[{"href":"https:\/\/www.radiomais.ao\/index.php\/wp-json\/wp\/v2\/types\/post"}],"author":[{"embeddable":true,"href":"https:\/\/www.radiomais.ao\/index.php\/wp-json\/wp\/v2\/users\/3"}],"replies":[{"embeddable":true,"href":"https:\/\/www.radiomais.ao\/index.php\/wp-json\/wp\/v2\/comments?post=2950"}],"version-history":[{"count":1,"href":"https:\/\/www.radiomais.ao\/index.php\/wp-json\/wp\/v2\/posts\/2950\/revisions"}],"predecessor-version":[{"id":2952,"href":"https:\/\/www.radiomais.ao\/index.php\/wp-json\/wp\/v2\/posts\/2950\/revisions\/2952"}],"wp:featuredmedia":[{"embeddable":true,"href":"https:\/\/www.radiomais.ao\/index.php\/wp-json\/wp\/v2\/media\/2951"}],"wp:attachment":[{"href":"https:\/\/www.radiomais.ao\/index.php\/wp-json\/wp\/v2\/media?parent=2950"}],"wp:term":[{"taxonomy":"category","embeddable":true,"href":"https:\/\/www.radiomais.ao\/index.php\/wp-json\/wp\/v2\/categories?post=2950"},{"taxonomy":"post_tag","embeddable":true,"href":"https:\/\/www.radiomais.ao\/index.php\/wp-json\/wp\/v2\/tags?post=2950"}],"curies":[{"name":"wp","href":"https:\/\/api.w.org\/{rel}","templated":true}]}}