{"id":2962,"date":"2025-11-19T11:27:38","date_gmt":"2025-11-19T10:27:38","guid":{"rendered":"https:\/\/www.radiomais.ao\/?p=2962"},"modified":"2025-11-19T11:27:38","modified_gmt":"2025-11-19T10:27:38","slug":"ministerio-da-cultura-pretende-elevar-a-kizomba-a-patrimonio-cultural-imaterial-nacional","status":"publish","type":"post","link":"https:\/\/www.radiomais.ao\/index.php\/2025\/11\/19\/ministerio-da-cultura-pretende-elevar-a-kizomba-a-patrimonio-cultural-imaterial-nacional\/","title":{"rendered":"Minist\u00e9rio da Cultura pretende elevar a Kizomba a Patrim\u00f3nio Cultural Imaterial Nacional."},"content":{"rendered":"\n<p><strong>O Minist\u00e9rio da Cultura tem trabalhado arduamente para reunir todas as condi\u00e7\u00f5es necess\u00e1rias para apresentar a proposta que visa elevar a Kizomba a Patrim\u00f3nio Cultural Imaterial Nacional, segundo avan\u00e7ou o director nacional para a Ac\u00e7\u00e3o Cultural, Pedro Chissanga, na I edi\u00e7\u00e3o do Congresso Internacional de Kizomba, que teve in\u00edcio nesta ter\u00e7a-feira, 18, no Espa\u00e7o Aplausos, na prov\u00edncia de Icolo e Bengo<\/strong>. Fonte <strong><em><a href=\"https:\/\/www.opais.ao\/cultura\/ministerio-da-cultura-pretende-elevar-a-kizomba-a-patrimonio-cultural-imaterial-nacional\/\">Opa\u00eds<\/a><\/em><\/strong><\/p>\n","protected":false},"excerpt":{"rendered":"<p>O Minist\u00e9rio da Cultura tem trabalhado arduamente para reunir todas as condi\u00e7\u00f5es necess\u00e1rias para apresentar a proposta que visa elevar a Kizomba a Patrim\u00f3nio Cultural Imaterial Nacional, segundo avan\u00e7ou o director nacional para a Ac\u00e7\u00e3o Cultural, Pedro Chissanga, na I edi\u00e7\u00e3o do Congresso Internacional de Kizomba, que teve in\u00edcio nesta ter\u00e7a-feira, 18, no Espa\u00e7o Aplausos, [&hellip;]<\/p>\n","protected":false},"author":3,"featured_media":2963,"comment_status":"open","ping_status":"open","sticky":false,"template":"","format":"standard","meta":{"footnotes":""},"categories":[16],"tags":[1116,1115,1117],"class_list":["post-2962","post","type-post","status-publish","format-standard","has-post-thumbnail","hentry","category-actualidade","tag-kizomba","tag-ministerio-da-cultura","tag-patrimonio-cultural"],"blocksy_meta":[],"_links":{"self":[{"href":"https:\/\/www.radiomais.ao\/index.php\/wp-json\/wp\/v2\/posts\/2962","targetHints":{"allow":["GET"]}}],"collection":[{"href":"https:\/\/www.radiomais.ao\/index.php\/wp-json\/wp\/v2\/posts"}],"about":[{"href":"https:\/\/www.radiomais.ao\/index.php\/wp-json\/wp\/v2\/types\/post"}],"author":[{"embeddable":true,"href":"https:\/\/www.radiomais.ao\/index.php\/wp-json\/wp\/v2\/users\/3"}],"replies":[{"embeddable":true,"href":"https:\/\/www.radiomais.ao\/index.php\/wp-json\/wp\/v2\/comments?post=2962"}],"version-history":[{"count":1,"href":"https:\/\/www.radiomais.ao\/index.php\/wp-json\/wp\/v2\/posts\/2962\/revisions"}],"predecessor-version":[{"id":2964,"href":"https:\/\/www.radiomais.ao\/index.php\/wp-json\/wp\/v2\/posts\/2962\/revisions\/2964"}],"wp:featuredmedia":[{"embeddable":true,"href":"https:\/\/www.radiomais.ao\/index.php\/wp-json\/wp\/v2\/media\/2963"}],"wp:attachment":[{"href":"https:\/\/www.radiomais.ao\/index.php\/wp-json\/wp\/v2\/media?parent=2962"}],"wp:term":[{"taxonomy":"category","embeddable":true,"href":"https:\/\/www.radiomais.ao\/index.php\/wp-json\/wp\/v2\/categories?post=2962"},{"taxonomy":"post_tag","embeddable":true,"href":"https:\/\/www.radiomais.ao\/index.php\/wp-json\/wp\/v2\/tags?post=2962"}],"curies":[{"name":"wp","href":"https:\/\/api.w.org\/{rel}","templated":true}]}}