{"id":2968,"date":"2025-11-19T11:39:42","date_gmt":"2025-11-19T10:39:42","guid":{"rendered":"https:\/\/www.radiomais.ao\/?p=2968"},"modified":"2025-11-19T11:39:42","modified_gmt":"2025-11-19T10:39:42","slug":"oms-anuncia-eliminacao-do-sarampo-e-rubeola-em-mais-tres-paises","status":"publish","type":"post","link":"https:\/\/www.radiomais.ao\/index.php\/2025\/11\/19\/oms-anuncia-eliminacao-do-sarampo-e-rubeola-em-mais-tres-paises\/","title":{"rendered":"OMS anuncia elimina\u00e7\u00e3o do sarampo e rub\u00e9ola em mais tr\u00eas pa\u00edses."},"content":{"rendered":"\n<p>A certifica\u00e7\u00e3o foi verificada \u201cpor comiss\u00f5es independentes\u201d que se reuniram no final de Outubro, explicou Mohamed Janabi, director regional da OMS para \u00c1frica, em confer\u00eancia de imprensa realizada atrav\u00e9s da Internet. Ainda assim, h\u00e1 sempre \u201criscos de importa\u00e7\u00e3o\u201d, pelo que \u00e9 preciso manter \u201ca vigil\u00e2ncia, detec\u00e7\u00e3o r\u00e1pida e capacidade de resposta\u201d em cada pa\u00eds,\u00a0Fonte<strong><em><a href=\"https:\/\/www.opais.ao\/mundo\/oms-anuncia-eliminacao-do-sarampo-e-rubeola-em-mais-tres-paises\/\"> O pa\u00eds<\/a><\/em><\/strong><\/p>\n","protected":false},"excerpt":{"rendered":"<p>A certifica\u00e7\u00e3o foi verificada \u201cpor comiss\u00f5es independentes\u201d que se reuniram no final de Outubro, explicou Mohamed Janabi, director regional da OMS para \u00c1frica, em confer\u00eancia de imprensa realizada atrav\u00e9s da Internet. Ainda assim, h\u00e1 sempre \u201criscos de importa\u00e7\u00e3o\u201d, pelo que \u00e9 preciso manter \u201ca vigil\u00e2ncia, detec\u00e7\u00e3o r\u00e1pida e capacidade de resposta\u201d em cada pa\u00eds,\u00a0Fonte O [&hellip;]<\/p>\n","protected":false},"author":3,"featured_media":2969,"comment_status":"open","ping_status":"open","sticky":false,"template":"","format":"standard","meta":{"footnotes":""},"categories":[16],"tags":[1121,1120,105],"class_list":["post-2968","post","type-post","status-publish","format-standard","has-post-thumbnail","hentry","category-actualidade","tag-oms","tag-rubeola","tag-sarampo"],"blocksy_meta":[],"_links":{"self":[{"href":"https:\/\/www.radiomais.ao\/index.php\/wp-json\/wp\/v2\/posts\/2968","targetHints":{"allow":["GET"]}}],"collection":[{"href":"https:\/\/www.radiomais.ao\/index.php\/wp-json\/wp\/v2\/posts"}],"about":[{"href":"https:\/\/www.radiomais.ao\/index.php\/wp-json\/wp\/v2\/types\/post"}],"author":[{"embeddable":true,"href":"https:\/\/www.radiomais.ao\/index.php\/wp-json\/wp\/v2\/users\/3"}],"replies":[{"embeddable":true,"href":"https:\/\/www.radiomais.ao\/index.php\/wp-json\/wp\/v2\/comments?post=2968"}],"version-history":[{"count":1,"href":"https:\/\/www.radiomais.ao\/index.php\/wp-json\/wp\/v2\/posts\/2968\/revisions"}],"predecessor-version":[{"id":2970,"href":"https:\/\/www.radiomais.ao\/index.php\/wp-json\/wp\/v2\/posts\/2968\/revisions\/2970"}],"wp:featuredmedia":[{"embeddable":true,"href":"https:\/\/www.radiomais.ao\/index.php\/wp-json\/wp\/v2\/media\/2969"}],"wp:attachment":[{"href":"https:\/\/www.radiomais.ao\/index.php\/wp-json\/wp\/v2\/media?parent=2968"}],"wp:term":[{"taxonomy":"category","embeddable":true,"href":"https:\/\/www.radiomais.ao\/index.php\/wp-json\/wp\/v2\/categories?post=2968"},{"taxonomy":"post_tag","embeddable":true,"href":"https:\/\/www.radiomais.ao\/index.php\/wp-json\/wp\/v2\/tags?post=2968"}],"curies":[{"name":"wp","href":"https:\/\/api.w.org\/{rel}","templated":true}]}}