{"id":2971,"date":"2025-11-19T11:46:38","date_gmt":"2025-11-19T10:46:38","guid":{"rendered":"https:\/\/www.radiomais.ao\/?p=2971"},"modified":"2025-11-19T11:46:38","modified_gmt":"2025-11-19T10:46:38","slug":"esplendor-florestal-investimento-do-fundo-soberano-de-angola-apresentado-na-cop30-no-brasil","status":"publish","type":"post","link":"https:\/\/www.radiomais.ao\/index.php\/2025\/11\/19\/esplendor-florestal-investimento-do-fundo-soberano-de-angola-apresentado-na-cop30-no-brasil\/","title":{"rendered":"\u201cEsplendor Florestal\u201d: investimento do Fundo Soberano de Angola apresentado na COP30 no Brasil."},"content":{"rendered":"\n<p>Na COP30, que decorre no Brasil at\u00e9 ao dia 20 de Novembro, a Esplendor Florestal est\u00e1 representada pelo seu administrador-geral, Ludi Mawete, que integra a comitiva de Angola neste palco global de decis\u00f5es clim\u00e1ticas, refor\u00e7ando o posicionamento do pa\u00eds como um actor comprometido com solu\u00e7\u00f5es sustent\u00e1veis e de impacto para o futuro do planeta. Fonte <strong><em><a href=\"https:\/\/www.opais.ao\/economia\/esplendor-florestal-investimento-do-fundo-soberano-de-angola-apresentado-na-cop30-no-brasil\/\">Opa\u00eds<\/a><\/em><\/strong><\/p>\n","protected":false},"excerpt":{"rendered":"<p>Na COP30, que decorre no Brasil at\u00e9 ao dia 20 de Novembro, a Esplendor Florestal est\u00e1 representada pelo seu administrador-geral, Ludi Mawete, que integra a comitiva de Angola neste palco global de decis\u00f5es clim\u00e1ticas, refor\u00e7ando o posicionamento do pa\u00eds como um actor comprometido com solu\u00e7\u00f5es sustent\u00e1veis e de impacto para o futuro do planeta. Fonte [&hellip;]<\/p>\n","protected":false},"author":3,"featured_media":2972,"comment_status":"open","ping_status":"open","sticky":false,"template":"","format":"standard","meta":{"footnotes":""},"categories":[16],"tags":[75,1122,192],"class_list":["post-2971","post","type-post","status-publish","format-standard","has-post-thumbnail","hentry","category-actualidade","tag-angola","tag-fundo-soberano","tag-investimento"],"blocksy_meta":[],"_links":{"self":[{"href":"https:\/\/www.radiomais.ao\/index.php\/wp-json\/wp\/v2\/posts\/2971","targetHints":{"allow":["GET"]}}],"collection":[{"href":"https:\/\/www.radiomais.ao\/index.php\/wp-json\/wp\/v2\/posts"}],"about":[{"href":"https:\/\/www.radiomais.ao\/index.php\/wp-json\/wp\/v2\/types\/post"}],"author":[{"embeddable":true,"href":"https:\/\/www.radiomais.ao\/index.php\/wp-json\/wp\/v2\/users\/3"}],"replies":[{"embeddable":true,"href":"https:\/\/www.radiomais.ao\/index.php\/wp-json\/wp\/v2\/comments?post=2971"}],"version-history":[{"count":1,"href":"https:\/\/www.radiomais.ao\/index.php\/wp-json\/wp\/v2\/posts\/2971\/revisions"}],"predecessor-version":[{"id":2973,"href":"https:\/\/www.radiomais.ao\/index.php\/wp-json\/wp\/v2\/posts\/2971\/revisions\/2973"}],"wp:featuredmedia":[{"embeddable":true,"href":"https:\/\/www.radiomais.ao\/index.php\/wp-json\/wp\/v2\/media\/2972"}],"wp:attachment":[{"href":"https:\/\/www.radiomais.ao\/index.php\/wp-json\/wp\/v2\/media?parent=2971"}],"wp:term":[{"taxonomy":"category","embeddable":true,"href":"https:\/\/www.radiomais.ao\/index.php\/wp-json\/wp\/v2\/categories?post=2971"},{"taxonomy":"post_tag","embeddable":true,"href":"https:\/\/www.radiomais.ao\/index.php\/wp-json\/wp\/v2\/tags?post=2971"}],"curies":[{"name":"wp","href":"https:\/\/api.w.org\/{rel}","templated":true}]}}