{"id":2974,"date":"2025-11-19T12:02:36","date_gmt":"2025-11-19T11:02:36","guid":{"rendered":"https:\/\/www.radiomais.ao\/?p=2974"},"modified":"2025-11-19T12:03:11","modified_gmt":"2025-11-19T11:03:11","slug":"presidente-da-republica-confere-posse-aos-novos-membros-do-executivo","status":"publish","type":"post","link":"https:\/\/www.radiomais.ao\/index.php\/2025\/11\/19\/presidente-da-republica-confere-posse-aos-novos-membros-do-executivo\/","title":{"rendered":"Presidente da Rep\u00fablica confere posse aos novos membros do Executivo."},"content":{"rendered":"\n<p>Na cerim\u00f3nia, realizada no Pal\u00e1cio Presidencial da Cidade Alta, foram empossados Gildo Matias Jos\u00e9, que vai desempenhar o cargo de governador da prov\u00edncia da Lunda Sul, Sandro Renato Agostinho de Oliveira, embaixador extraordin\u00e1rio e plenipotenci\u00e1rio da Rep\u00fablica de Angola no Botswana, e T\u00e2nia Luciana Pomp\u00edlio da Silva Santos Paiva, no cargo de chefe adjunta do Servi\u00e7o de Informa\u00e7\u00f5es e Seguran\u00e7a do Estado para Integra\u00e7\u00e3o e Desenvolvimento Tecnol\u00f3gico. Fonte <em><a href=\"https:\/\/www.opais.ao\/politica\/presidente-da-republica-confere-posse-aos-novos-membros-do-executivo-2\/\">Opa\u00eds<\/a><\/em><\/p>\n","protected":false},"excerpt":{"rendered":"<p>Na cerim\u00f3nia, realizada no Pal\u00e1cio Presidencial da Cidade Alta, foram empossados Gildo Matias Jos\u00e9, que vai desempenhar o cargo de governador da prov\u00edncia da Lunda Sul, Sandro Renato Agostinho de Oliveira, embaixador extraordin\u00e1rio e plenipotenci\u00e1rio da Rep\u00fablica de Angola no Botswana, e T\u00e2nia Luciana Pomp\u00edlio da Silva Santos Paiva, no cargo de chefe adjunta do [&hellip;]<\/p>\n","protected":false},"author":3,"featured_media":2975,"comment_status":"open","ping_status":"open","sticky":false,"template":"","format":"standard","meta":{"footnotes":""},"categories":[],"tags":[1124,1123],"class_list":["post-2974","post","type-post","status-publish","format-standard","has-post-thumbnail","hentry","tag-confere-novos-membros","tag-presindente-da-republica"],"blocksy_meta":[],"_links":{"self":[{"href":"https:\/\/www.radiomais.ao\/index.php\/wp-json\/wp\/v2\/posts\/2974","targetHints":{"allow":["GET"]}}],"collection":[{"href":"https:\/\/www.radiomais.ao\/index.php\/wp-json\/wp\/v2\/posts"}],"about":[{"href":"https:\/\/www.radiomais.ao\/index.php\/wp-json\/wp\/v2\/types\/post"}],"author":[{"embeddable":true,"href":"https:\/\/www.radiomais.ao\/index.php\/wp-json\/wp\/v2\/users\/3"}],"replies":[{"embeddable":true,"href":"https:\/\/www.radiomais.ao\/index.php\/wp-json\/wp\/v2\/comments?post=2974"}],"version-history":[{"count":1,"href":"https:\/\/www.radiomais.ao\/index.php\/wp-json\/wp\/v2\/posts\/2974\/revisions"}],"predecessor-version":[{"id":2976,"href":"https:\/\/www.radiomais.ao\/index.php\/wp-json\/wp\/v2\/posts\/2974\/revisions\/2976"}],"wp:featuredmedia":[{"embeddable":true,"href":"https:\/\/www.radiomais.ao\/index.php\/wp-json\/wp\/v2\/media\/2975"}],"wp:attachment":[{"href":"https:\/\/www.radiomais.ao\/index.php\/wp-json\/wp\/v2\/media?parent=2974"}],"wp:term":[{"taxonomy":"category","embeddable":true,"href":"https:\/\/www.radiomais.ao\/index.php\/wp-json\/wp\/v2\/categories?post=2974"},{"taxonomy":"post_tag","embeddable":true,"href":"https:\/\/www.radiomais.ao\/index.php\/wp-json\/wp\/v2\/tags?post=2974"}],"curies":[{"name":"wp","href":"https:\/\/api.w.org\/{rel}","templated":true}]}}