{"id":2982,"date":"2025-11-26T10:02:18","date_gmt":"2025-11-26T09:02:18","guid":{"rendered":"https:\/\/www.radiomais.ao\/?p=2982"},"modified":"2025-11-26T10:02:18","modified_gmt":"2025-11-26T09:02:18","slug":"pr-defende-aprofundamento-da-parceria-africa-europa","status":"publish","type":"post","link":"https:\/\/www.radiomais.ao\/index.php\/2025\/11\/26\/pr-defende-aprofundamento-da-parceria-africa-europa\/","title":{"rendered":"PR defende aprofundamento da parceria \u00c1frica-Europa ."},"content":{"rendered":"\n<p><strong>Encerrou ontem, em Luanda, a 7.\u00aa Cimeira Uni\u00e3o Africana- Uni\u00e3o Europeia (UA- UE), evento que decorreu sob o signo \u201cPromover a paz e a prosperidade atrav\u00e9s de um multilateralismo eficaz\u201d. no final do encontro, o Presidente da<\/strong>\u00a0<strong>Rep\u00fablica de Angola e da Uni\u00e3o Africana, Jo\u00e3o Louren\u00e7o, reiterou que a parceria entre \u00c1frica e europa entra numa nova din\u00e2mica marcada pela necessidade de uma maior coopera\u00e7\u00e3o nos dom\u00ednios da paz e seguran\u00e7a, industrializa\u00e7\u00e3o, transi\u00e7\u00e3o energ\u00e9tica e mobilidade humana<\/strong>. Fonte <strong><em><a href=\"https:\/\/www.opais.ao\/politica\/joao-lourenco-defende-aprofundamento-da-parceria-africa-europa-e-o-reforco-do-multilateralismo\/\">Opa\u00eds<\/a><\/em><\/strong><\/p>\n","protected":false},"excerpt":{"rendered":"<p>Encerrou ontem, em Luanda, a 7.\u00aa Cimeira Uni\u00e3o Africana- Uni\u00e3o Europeia (UA- UE), evento que decorreu sob o signo \u201cPromover a paz e a prosperidade atrav\u00e9s de um multilateralismo eficaz\u201d. no final do encontro, o Presidente da\u00a0Rep\u00fablica de Angola e da Uni\u00e3o Africana, Jo\u00e3o Louren\u00e7o, reiterou que a parceria entre \u00c1frica e europa entra numa [&hellip;]<\/p>\n","protected":false},"author":3,"featured_media":2983,"comment_status":"open","ping_status":"open","sticky":false,"template":"","format":"standard","meta":{"footnotes":""},"categories":[1],"tags":[1126,1127,22,1128,509,132],"class_list":["post-2982","post","type-post","status-publish","format-standard","has-post-thumbnail","hentry","category-uncategorized","tag-aprofundamento","tag-arica","tag-destaque","tag-europa","tag-parceria","tag-pr"],"blocksy_meta":[],"_links":{"self":[{"href":"https:\/\/www.radiomais.ao\/index.php\/wp-json\/wp\/v2\/posts\/2982","targetHints":{"allow":["GET"]}}],"collection":[{"href":"https:\/\/www.radiomais.ao\/index.php\/wp-json\/wp\/v2\/posts"}],"about":[{"href":"https:\/\/www.radiomais.ao\/index.php\/wp-json\/wp\/v2\/types\/post"}],"author":[{"embeddable":true,"href":"https:\/\/www.radiomais.ao\/index.php\/wp-json\/wp\/v2\/users\/3"}],"replies":[{"embeddable":true,"href":"https:\/\/www.radiomais.ao\/index.php\/wp-json\/wp\/v2\/comments?post=2982"}],"version-history":[{"count":1,"href":"https:\/\/www.radiomais.ao\/index.php\/wp-json\/wp\/v2\/posts\/2982\/revisions"}],"predecessor-version":[{"id":2984,"href":"https:\/\/www.radiomais.ao\/index.php\/wp-json\/wp\/v2\/posts\/2982\/revisions\/2984"}],"wp:featuredmedia":[{"embeddable":true,"href":"https:\/\/www.radiomais.ao\/index.php\/wp-json\/wp\/v2\/media\/2983"}],"wp:attachment":[{"href":"https:\/\/www.radiomais.ao\/index.php\/wp-json\/wp\/v2\/media?parent=2982"}],"wp:term":[{"taxonomy":"category","embeddable":true,"href":"https:\/\/www.radiomais.ao\/index.php\/wp-json\/wp\/v2\/categories?post=2982"},{"taxonomy":"post_tag","embeddable":true,"href":"https:\/\/www.radiomais.ao\/index.php\/wp-json\/wp\/v2\/tags?post=2982"}],"curies":[{"name":"wp","href":"https:\/\/api.w.org\/{rel}","templated":true}]}}