{"id":2988,"date":"2025-11-26T10:13:04","date_gmt":"2025-11-26T09:13:04","guid":{"rendered":"https:\/\/www.radiomais.ao\/?p=2988"},"modified":"2025-11-26T10:13:04","modified_gmt":"2025-11-26T09:13:04","slug":"cidadao-abusa-da-propria-neta-com-quem-reside-no-cazenga","status":"publish","type":"post","link":"https:\/\/www.radiomais.ao\/index.php\/2025\/11\/26\/cidadao-abusa-da-propria-neta-com-quem-reside-no-cazenga\/","title":{"rendered":"Cidad\u00e3o abusa da pr\u00f3pria neta com quem reside no Cazenga"},"content":{"rendered":"\n<p><strong>No \u00faltimo balan\u00e7o divulgado pelo instituto nacional da Crian\u00e7a (INAC), o destaque recai sobre os v\u00e1rios casos de abusos sexuais registados entre 16 e 22 do m\u00eas em curso. Dos casos, o instituto relata o de uma crian\u00e7a que tem sido frequentemente abusada pelo pr\u00f3prio av\u00f4<\/strong>. Fonte <strong><em><a href=\"https:\/\/www.opais.ao\/sociedade\/cidadao-abusa-da-propria-neta-com-quem-reside-no-cazenga\/\">Opa\u00eds<\/a><\/em><\/strong><\/p>\n","protected":false},"excerpt":{"rendered":"<p>No \u00faltimo balan\u00e7o divulgado pelo instituto nacional da Crian\u00e7a (INAC), o destaque recai sobre os v\u00e1rios casos de abusos sexuais registados entre 16 e 22 do m\u00eas em curso. Dos casos, o instituto relata o de uma crian\u00e7a que tem sido frequentemente abusada pelo pr\u00f3prio av\u00f4. Fonte Opa\u00eds<\/p>\n","protected":false},"author":3,"featured_media":2989,"comment_status":"open","ping_status":"open","sticky":false,"template":"","format":"standard","meta":{"footnotes":""},"categories":[16],"tags":[539,1131],"class_list":["post-2988","post","type-post","status-publish","format-standard","has-post-thumbnail","hentry","category-actualidade","tag-abuso-sexual","tag-cazenga"],"blocksy_meta":[],"_links":{"self":[{"href":"https:\/\/www.radiomais.ao\/index.php\/wp-json\/wp\/v2\/posts\/2988","targetHints":{"allow":["GET"]}}],"collection":[{"href":"https:\/\/www.radiomais.ao\/index.php\/wp-json\/wp\/v2\/posts"}],"about":[{"href":"https:\/\/www.radiomais.ao\/index.php\/wp-json\/wp\/v2\/types\/post"}],"author":[{"embeddable":true,"href":"https:\/\/www.radiomais.ao\/index.php\/wp-json\/wp\/v2\/users\/3"}],"replies":[{"embeddable":true,"href":"https:\/\/www.radiomais.ao\/index.php\/wp-json\/wp\/v2\/comments?post=2988"}],"version-history":[{"count":1,"href":"https:\/\/www.radiomais.ao\/index.php\/wp-json\/wp\/v2\/posts\/2988\/revisions"}],"predecessor-version":[{"id":2990,"href":"https:\/\/www.radiomais.ao\/index.php\/wp-json\/wp\/v2\/posts\/2988\/revisions\/2990"}],"wp:featuredmedia":[{"embeddable":true,"href":"https:\/\/www.radiomais.ao\/index.php\/wp-json\/wp\/v2\/media\/2989"}],"wp:attachment":[{"href":"https:\/\/www.radiomais.ao\/index.php\/wp-json\/wp\/v2\/media?parent=2988"}],"wp:term":[{"taxonomy":"category","embeddable":true,"href":"https:\/\/www.radiomais.ao\/index.php\/wp-json\/wp\/v2\/categories?post=2988"},{"taxonomy":"post_tag","embeddable":true,"href":"https:\/\/www.radiomais.ao\/index.php\/wp-json\/wp\/v2\/tags?post=2988"}],"curies":[{"name":"wp","href":"https:\/\/api.w.org\/{rel}","templated":true}]}}