{"id":2994,"date":"2025-11-26T10:22:30","date_gmt":"2025-11-26T09:22:30","guid":{"rendered":"https:\/\/www.radiomais.ao\/?p=2994"},"modified":"2025-11-26T10:22:30","modified_gmt":"2025-11-26T09:22:30","slug":"mais-de-1500-delegados-confirmados-para-o-xiv-congresso-ordinario-da-unita","status":"publish","type":"post","link":"https:\/\/www.radiomais.ao\/index.php\/2025\/11\/26\/mais-de-1500-delegados-confirmados-para-o-xiv-congresso-ordinario-da-unita\/","title":{"rendered":"Mais de 1500 delegados confirmados para o XIV Congresso ordin\u00e1rio da UNITA."},"content":{"rendered":"\n<p><strong>A tr\u00eas dias da abertura do XIV Congresso ordin\u00e1rio da unita, o porta-voz da Comiss\u00e3o organizadora, r\u00faben sicato, assegurou, ontem, que \u201ctudo est\u00e1 preparado\u201d para a realiza\u00e7\u00e3o do maior evento pol\u00edtico do partido, sublinhando que, para este evento, o partido vai contar com mais de 1500 delegados que come\u00e7am a chegar hoje a Luanda<\/strong>. Fonte <strong><em><a href=\"https:\/\/www.opais.ao\/politica\/mais-de-1500-delegados-confirmados-para-o-xiv-congresso-ordinario-da-unita\/\">Opa\u00eds<\/a><\/em><\/strong><\/p>\n","protected":false},"excerpt":{"rendered":"<p>A tr\u00eas dias da abertura do XIV Congresso ordin\u00e1rio da unita, o porta-voz da Comiss\u00e3o organizadora, r\u00faben sicato, assegurou, ontem, que \u201ctudo est\u00e1 preparado\u201d para a realiza\u00e7\u00e3o do maior evento pol\u00edtico do partido, sublinhando que, para este evento, o partido vai contar com mais de 1500 delegados que come\u00e7am a chegar hoje a Luanda. Fonte [&hellip;]<\/p>\n","protected":false},"author":3,"featured_media":2995,"comment_status":"open","ping_status":"open","sticky":false,"template":"","format":"standard","meta":{"footnotes":""},"categories":[16],"tags":[1137,1136,243,1135],"class_list":["post-2994","post","type-post","status-publish","format-standard","has-post-thumbnail","hentry","category-actualidade","tag-1500-delegados","tag-congesso","tag-unita","tag-xiv"],"blocksy_meta":[],"_links":{"self":[{"href":"https:\/\/www.radiomais.ao\/index.php\/wp-json\/wp\/v2\/posts\/2994","targetHints":{"allow":["GET"]}}],"collection":[{"href":"https:\/\/www.radiomais.ao\/index.php\/wp-json\/wp\/v2\/posts"}],"about":[{"href":"https:\/\/www.radiomais.ao\/index.php\/wp-json\/wp\/v2\/types\/post"}],"author":[{"embeddable":true,"href":"https:\/\/www.radiomais.ao\/index.php\/wp-json\/wp\/v2\/users\/3"}],"replies":[{"embeddable":true,"href":"https:\/\/www.radiomais.ao\/index.php\/wp-json\/wp\/v2\/comments?post=2994"}],"version-history":[{"count":1,"href":"https:\/\/www.radiomais.ao\/index.php\/wp-json\/wp\/v2\/posts\/2994\/revisions"}],"predecessor-version":[{"id":2996,"href":"https:\/\/www.radiomais.ao\/index.php\/wp-json\/wp\/v2\/posts\/2994\/revisions\/2996"}],"wp:featuredmedia":[{"embeddable":true,"href":"https:\/\/www.radiomais.ao\/index.php\/wp-json\/wp\/v2\/media\/2995"}],"wp:attachment":[{"href":"https:\/\/www.radiomais.ao\/index.php\/wp-json\/wp\/v2\/media?parent=2994"}],"wp:term":[{"taxonomy":"category","embeddable":true,"href":"https:\/\/www.radiomais.ao\/index.php\/wp-json\/wp\/v2\/categories?post=2994"},{"taxonomy":"post_tag","embeddable":true,"href":"https:\/\/www.radiomais.ao\/index.php\/wp-json\/wp\/v2\/tags?post=2994"}],"curies":[{"name":"wp","href":"https:\/\/api.w.org\/{rel}","templated":true}]}}