{"id":2997,"date":"2025-11-26T10:36:33","date_gmt":"2025-11-26T09:36:33","guid":{"rendered":"https:\/\/www.radiomais.ao\/?p=2997"},"modified":"2025-11-26T10:36:33","modified_gmt":"2025-11-26T09:36:33","slug":"estados-membros-debatem-criacao-de-estrategias-continental-de-educacao-para-a-africa","status":"publish","type":"post","link":"https:\/\/www.radiomais.ao\/index.php\/2025\/11\/26\/estados-membros-debatem-criacao-de-estrategias-continental-de-educacao-para-a-africa\/","title":{"rendered":"Estados-Membros debatem cria\u00e7\u00e3o de estrat\u00e9gias continental de educa\u00e7\u00e3o para a \u00c1frica."},"content":{"rendered":"\n<p><strong>Com o objectivo de acelerar as ac\u00e7\u00f5es transformadoras para aprimorar os resultados de aprendizagem, o profissionalismo docente, a inova\u00e7\u00e3o digital, a aprendizagem fundamental e a integra\u00e7\u00e3o regional na educa\u00e7\u00e3o em todo o continente, os representantes dos Estados-Membros da uni\u00e3o africana debateram o lan\u00e7amento da estrat\u00e9gia Continental de educa\u00e7\u00e3o para a \u00c1frica (Cesa 26-35)<\/strong>. Fonte <strong><em><a href=\"https:\/\/www.opais.ao\/politica\/estados-membros-debatem-criacao-de-estrategias-continental-de-educacao-para-a-africa\/\">Opa\u00eds<\/a><\/em><\/strong><\/p>\n","protected":false},"excerpt":{"rendered":"<p>Com o objectivo de acelerar as ac\u00e7\u00f5es transformadoras para aprimorar os resultados de aprendizagem, o profissionalismo docente, a inova\u00e7\u00e3o digital, a aprendizagem fundamental e a integra\u00e7\u00e3o regional na educa\u00e7\u00e3o em todo o continente, os representantes dos Estados-Membros da uni\u00e3o africana debateram o lan\u00e7amento da estrat\u00e9gia Continental de educa\u00e7\u00e3o para a \u00c1frica (Cesa 26-35). Fonte Opa\u00eds<\/p>\n","protected":false},"author":3,"featured_media":2998,"comment_status":"open","ping_status":"open","sticky":false,"template":"","format":"standard","meta":{"footnotes":""},"categories":[16],"tags":[1139,1138],"class_list":["post-2997","post","type-post","status-publish","format-standard","has-post-thumbnail","hentry","category-actualidade","tag-criacao-de-estrategias","tag-estados-membros"],"blocksy_meta":[],"_links":{"self":[{"href":"https:\/\/www.radiomais.ao\/index.php\/wp-json\/wp\/v2\/posts\/2997","targetHints":{"allow":["GET"]}}],"collection":[{"href":"https:\/\/www.radiomais.ao\/index.php\/wp-json\/wp\/v2\/posts"}],"about":[{"href":"https:\/\/www.radiomais.ao\/index.php\/wp-json\/wp\/v2\/types\/post"}],"author":[{"embeddable":true,"href":"https:\/\/www.radiomais.ao\/index.php\/wp-json\/wp\/v2\/users\/3"}],"replies":[{"embeddable":true,"href":"https:\/\/www.radiomais.ao\/index.php\/wp-json\/wp\/v2\/comments?post=2997"}],"version-history":[{"count":1,"href":"https:\/\/www.radiomais.ao\/index.php\/wp-json\/wp\/v2\/posts\/2997\/revisions"}],"predecessor-version":[{"id":2999,"href":"https:\/\/www.radiomais.ao\/index.php\/wp-json\/wp\/v2\/posts\/2997\/revisions\/2999"}],"wp:featuredmedia":[{"embeddable":true,"href":"https:\/\/www.radiomais.ao\/index.php\/wp-json\/wp\/v2\/media\/2998"}],"wp:attachment":[{"href":"https:\/\/www.radiomais.ao\/index.php\/wp-json\/wp\/v2\/media?parent=2997"}],"wp:term":[{"taxonomy":"category","embeddable":true,"href":"https:\/\/www.radiomais.ao\/index.php\/wp-json\/wp\/v2\/categories?post=2997"},{"taxonomy":"post_tag","embeddable":true,"href":"https:\/\/www.radiomais.ao\/index.php\/wp-json\/wp\/v2\/tags?post=2997"}],"curies":[{"name":"wp","href":"https:\/\/api.w.org\/{rel}","templated":true}]}}