{"id":3006,"date":"2025-11-26T11:11:26","date_gmt":"2025-11-26T10:11:26","guid":{"rendered":"https:\/\/www.radiomais.ao\/?p=3006"},"modified":"2025-11-26T11:11:26","modified_gmt":"2025-11-26T10:11:26","slug":"angola-e-belgica-reforcam-cooperacao-no-sector-dos-transportes","status":"publish","type":"post","link":"https:\/\/www.radiomais.ao\/index.php\/2025\/11\/26\/angola-e-belgica-reforcam-cooperacao-no-sector-dos-transportes\/","title":{"rendered":"Angola e B\u00e9lgica refor\u00e7am coopera\u00e7\u00e3o no sector dos transportes."},"content":{"rendered":"\n<p>Angola e B\u00e9lgica deram ontem, em Luanda, mais um passo no refor\u00e7o da coopera\u00e7\u00e3o bilateral no sector dos transportes, com a assinatura de um Memorando de Entendimento entre o Porto do Lobito E.P. e o Port of Antwerp-Bruges International \/ APEC. Fonte<strong><em><a href=\"https:\/\/www.opais.ao\/politica\/angola-e-belgica-reforcam-cooperacao-no-sector-dos-transportes\/\"> Opa\u00eds<\/a><\/em><\/strong><\/p>\n","protected":false},"excerpt":{"rendered":"<p>Angola e B\u00e9lgica deram ontem, em Luanda, mais um passo no refor\u00e7o da coopera\u00e7\u00e3o bilateral no sector dos transportes, com a assinatura de um Memorando de Entendimento entre o Porto do Lobito E.P. e o Port of Antwerp-Bruges International \/ APEC. Fonte Opa\u00eds<\/p>\n","protected":false},"author":3,"featured_media":3007,"comment_status":"open","ping_status":"open","sticky":false,"template":"","format":"standard","meta":{"footnotes":""},"categories":[16],"tags":[75,1144,283],"class_list":["post-3006","post","type-post","status-publish","format-standard","has-post-thumbnail","hentry","category-actualidade","tag-angola","tag-belgica","tag-cooperacao"],"blocksy_meta":[],"_links":{"self":[{"href":"https:\/\/www.radiomais.ao\/index.php\/wp-json\/wp\/v2\/posts\/3006","targetHints":{"allow":["GET"]}}],"collection":[{"href":"https:\/\/www.radiomais.ao\/index.php\/wp-json\/wp\/v2\/posts"}],"about":[{"href":"https:\/\/www.radiomais.ao\/index.php\/wp-json\/wp\/v2\/types\/post"}],"author":[{"embeddable":true,"href":"https:\/\/www.radiomais.ao\/index.php\/wp-json\/wp\/v2\/users\/3"}],"replies":[{"embeddable":true,"href":"https:\/\/www.radiomais.ao\/index.php\/wp-json\/wp\/v2\/comments?post=3006"}],"version-history":[{"count":1,"href":"https:\/\/www.radiomais.ao\/index.php\/wp-json\/wp\/v2\/posts\/3006\/revisions"}],"predecessor-version":[{"id":3008,"href":"https:\/\/www.radiomais.ao\/index.php\/wp-json\/wp\/v2\/posts\/3006\/revisions\/3008"}],"wp:featuredmedia":[{"embeddable":true,"href":"https:\/\/www.radiomais.ao\/index.php\/wp-json\/wp\/v2\/media\/3007"}],"wp:attachment":[{"href":"https:\/\/www.radiomais.ao\/index.php\/wp-json\/wp\/v2\/media?parent=3006"}],"wp:term":[{"taxonomy":"category","embeddable":true,"href":"https:\/\/www.radiomais.ao\/index.php\/wp-json\/wp\/v2\/categories?post=3006"},{"taxonomy":"post_tag","embeddable":true,"href":"https:\/\/www.radiomais.ao\/index.php\/wp-json\/wp\/v2\/tags?post=3006"}],"curies":[{"name":"wp","href":"https:\/\/api.w.org\/{rel}","templated":true}]}}