{"id":3009,"date":"2025-11-26T14:57:43","date_gmt":"2025-11-26T13:57:43","guid":{"rendered":"https:\/\/www.radiomais.ao\/?p=3009"},"modified":"2025-11-26T14:57:43","modified_gmt":"2025-11-26T13:57:43","slug":"o-banco-de-urgencia-do-hospital-neves-bendinha-registou-movimentacao-durante-a-semana-prolongada","status":"publish","type":"post","link":"https:\/\/www.radiomais.ao\/index.php\/2025\/11\/26\/o-banco-de-urgencia-do-hospital-neves-bendinha-registou-movimentacao-durante-a-semana-prolongada\/","title":{"rendered":"O Banco de urg\u00eancia do Hospital Neves Bendinha, registou movimenta\u00e7\u00e3o, durante a semana prolongada."},"content":{"rendered":"\n<p>No total foram atendidos 75 utentes. os acidentes dom\u00e9sticos continuam a liderar as causas de internamentos, como nos confirma o Director Pedag\u00f3gico e cient\u00edfico, da Unidade Sanit\u00e1ria Mbunga Bondo.<\/p>\n\n\n","protected":false},"excerpt":{"rendered":"<p>No total foram atendidos 75 utentes. os acidentes dom\u00e9sticos continuam a liderar as causas de internamentos, como nos confirma o Director Pedag\u00f3gico e cient\u00edfico, da Unidade Sanit\u00e1ria Mbunga Bondo.<\/p>\n","protected":false},"author":3,"featured_media":3010,"comment_status":"open","ping_status":"open","sticky":false,"template":"","format":"standard","meta":{"footnotes":""},"categories":[16],"tags":[103,1145],"class_list":["post-3009","post","type-post","status-publish","format-standard","has-post-thumbnail","hentry","category-actualidade","tag-hospital","tag-neves-bendinha"],"blocksy_meta":[],"_links":{"self":[{"href":"https:\/\/www.radiomais.ao\/index.php\/wp-json\/wp\/v2\/posts\/3009","targetHints":{"allow":["GET"]}}],"collection":[{"href":"https:\/\/www.radiomais.ao\/index.php\/wp-json\/wp\/v2\/posts"}],"about":[{"href":"https:\/\/www.radiomais.ao\/index.php\/wp-json\/wp\/v2\/types\/post"}],"author":[{"embeddable":true,"href":"https:\/\/www.radiomais.ao\/index.php\/wp-json\/wp\/v2\/users\/3"}],"replies":[{"embeddable":true,"href":"https:\/\/www.radiomais.ao\/index.php\/wp-json\/wp\/v2\/comments?post=3009"}],"version-history":[{"count":1,"href":"https:\/\/www.radiomais.ao\/index.php\/wp-json\/wp\/v2\/posts\/3009\/revisions"}],"predecessor-version":[{"id":3011,"href":"https:\/\/www.radiomais.ao\/index.php\/wp-json\/wp\/v2\/posts\/3009\/revisions\/3011"}],"wp:featuredmedia":[{"embeddable":true,"href":"https:\/\/www.radiomais.ao\/index.php\/wp-json\/wp\/v2\/media\/3010"}],"wp:attachment":[{"href":"https:\/\/www.radiomais.ao\/index.php\/wp-json\/wp\/v2\/media?parent=3009"}],"wp:term":[{"taxonomy":"category","embeddable":true,"href":"https:\/\/www.radiomais.ao\/index.php\/wp-json\/wp\/v2\/categories?post=3009"},{"taxonomy":"post_tag","embeddable":true,"href":"https:\/\/www.radiomais.ao\/index.php\/wp-json\/wp\/v2\/tags?post=3009"}],"curies":[{"name":"wp","href":"https:\/\/api.w.org\/{rel}","templated":true}]}}