{"id":3013,"date":"2025-11-28T11:28:43","date_gmt":"2025-11-28T10:28:43","guid":{"rendered":"https:\/\/www.radiomais.ao\/?p=3013"},"modified":"2025-11-28T11:28:43","modified_gmt":"2025-11-28T10:28:43","slug":"presidente-joao-lourenco-o-pais-vai-passar-a-produzir-fertilizantes","status":"publish","type":"post","link":"https:\/\/www.radiomais.ao\/index.php\/2025\/11\/28\/presidente-joao-lourenco-o-pais-vai-passar-a-produzir-fertilizantes\/","title":{"rendered":"Presidente Jo\u00e3o Louren\u00e7o: \u201cO pa\u00eds vai passar a produzir fertilizantes&#8221;.\u00a0"},"content":{"rendered":"\n<p><strong>O Presidente da Rep\u00fablica, Jo\u00e3o Louren\u00e7o, afirmou nesta quinta-feira, no Soyo, que a nova F\u00e1brica de Tratamento de G\u00e1s marca o in\u00edcio de uma nova etapa para o pa\u00eds, ao garantir a produ\u00e7\u00e3o de g\u00e1s n\u00e3o associado e abrir caminho para mais emprego, mais ind\u00fastria e maior contribui\u00e7\u00e3o para a economia nacional<\/strong>. Fonte <strong><em><a href=\"https:\/\/www.opais.ao\/politica\/presidente-da-republica-joao-lourencoo-pais-vai-passar-a-produzir-fertilizantes-isso-significa-mais-industria-mais-empregos-e-mais-impacto-economico\/\">Opa\u00eds<\/a><\/em><\/strong><\/p>\n","protected":false},"excerpt":{"rendered":"<p>O Presidente da Rep\u00fablica, Jo\u00e3o Louren\u00e7o, afirmou nesta quinta-feira, no Soyo, que a nova F\u00e1brica de Tratamento de G\u00e1s marca o in\u00edcio de uma nova etapa para o pa\u00eds, ao garantir a produ\u00e7\u00e3o de g\u00e1s n\u00e3o associado e abrir caminho para mais emprego, mais ind\u00fastria e maior contribui\u00e7\u00e3o para a economia nacional. Fonte Opa\u00eds<\/p>\n","protected":false},"author":3,"featured_media":3014,"comment_status":"open","ping_status":"open","sticky":false,"template":"","format":"standard","meta":{"footnotes":""},"categories":[1],"tags":[75,22,1147,300],"class_list":["post-3013","post","type-post","status-publish","format-standard","has-post-thumbnail","hentry","category-uncategorized","tag-angola","tag-destaque","tag-fertilizantes","tag-producao"],"blocksy_meta":[],"_links":{"self":[{"href":"https:\/\/www.radiomais.ao\/index.php\/wp-json\/wp\/v2\/posts\/3013","targetHints":{"allow":["GET"]}}],"collection":[{"href":"https:\/\/www.radiomais.ao\/index.php\/wp-json\/wp\/v2\/posts"}],"about":[{"href":"https:\/\/www.radiomais.ao\/index.php\/wp-json\/wp\/v2\/types\/post"}],"author":[{"embeddable":true,"href":"https:\/\/www.radiomais.ao\/index.php\/wp-json\/wp\/v2\/users\/3"}],"replies":[{"embeddable":true,"href":"https:\/\/www.radiomais.ao\/index.php\/wp-json\/wp\/v2\/comments?post=3013"}],"version-history":[{"count":1,"href":"https:\/\/www.radiomais.ao\/index.php\/wp-json\/wp\/v2\/posts\/3013\/revisions"}],"predecessor-version":[{"id":3015,"href":"https:\/\/www.radiomais.ao\/index.php\/wp-json\/wp\/v2\/posts\/3013\/revisions\/3015"}],"wp:featuredmedia":[{"embeddable":true,"href":"https:\/\/www.radiomais.ao\/index.php\/wp-json\/wp\/v2\/media\/3014"}],"wp:attachment":[{"href":"https:\/\/www.radiomais.ao\/index.php\/wp-json\/wp\/v2\/media?parent=3013"}],"wp:term":[{"taxonomy":"category","embeddable":true,"href":"https:\/\/www.radiomais.ao\/index.php\/wp-json\/wp\/v2\/categories?post=3013"},{"taxonomy":"post_tag","embeddable":true,"href":"https:\/\/www.radiomais.ao\/index.php\/wp-json\/wp\/v2\/tags?post=3013"}],"curies":[{"name":"wp","href":"https:\/\/api.w.org\/{rel}","templated":true}]}}