{"id":3016,"date":"2025-11-28T11:38:40","date_gmt":"2025-11-28T10:38:40","guid":{"rendered":"https:\/\/www.radiomais.ao\/?p=3016"},"modified":"2025-11-28T11:38:40","modified_gmt":"2025-11-28T10:38:40","slug":"importacao-de-carne-caiu-12-no-primeiro-semestre-de-2025","status":"publish","type":"post","link":"https:\/\/www.radiomais.ao\/index.php\/2025\/11\/28\/importacao-de-carne-caiu-12-no-primeiro-semestre-de-2025\/","title":{"rendered":"Importa\u00e7\u00e3o de carne caiu 12% no primeiro semestre de 2025."},"content":{"rendered":"\n<p>No primeiro semestre de 2025, a importa\u00e7\u00e3o de carne caiu em 12%, comparativamente ao mesmo per\u00edodo do ano anterior, segundo o portal da Administra\u00e7\u00e3o Geral Tribut\u00e1ria, indicando que o pa\u00eds est\u00e1 a importar menos carne, mas a pre\u00e7os m\u00e9dios mais altos. Fonte <strong><em><a href=\"https:\/\/www.opais.ao\/economia\/importacao-de-carne-caiu-12-no-primeiro-semestre-de-2025\/\">Opa\u00eds<\/a><\/em><\/strong><\/p>\n","protected":false},"excerpt":{"rendered":"<p>No primeiro semestre de 2025, a importa\u00e7\u00e3o de carne caiu em 12%, comparativamente ao mesmo per\u00edodo do ano anterior, segundo o portal da Administra\u00e7\u00e3o Geral Tribut\u00e1ria, indicando que o pa\u00eds est\u00e1 a importar menos carne, mas a pre\u00e7os m\u00e9dios mais altos. Fonte Opa\u00eds<\/p>\n","protected":false},"author":3,"featured_media":3017,"comment_status":"open","ping_status":"open","sticky":false,"template":"","format":"standard","meta":{"footnotes":""},"categories":[16],"tags":[1150,1151,1148,1149],"class_list":["post-3016","post","type-post","status-publish","format-standard","has-post-thumbnail","hentry","category-actualidade","tag-angolana","tag-caiu-12","tag-carne","tag-importacao"],"blocksy_meta":[],"_links":{"self":[{"href":"https:\/\/www.radiomais.ao\/index.php\/wp-json\/wp\/v2\/posts\/3016","targetHints":{"allow":["GET"]}}],"collection":[{"href":"https:\/\/www.radiomais.ao\/index.php\/wp-json\/wp\/v2\/posts"}],"about":[{"href":"https:\/\/www.radiomais.ao\/index.php\/wp-json\/wp\/v2\/types\/post"}],"author":[{"embeddable":true,"href":"https:\/\/www.radiomais.ao\/index.php\/wp-json\/wp\/v2\/users\/3"}],"replies":[{"embeddable":true,"href":"https:\/\/www.radiomais.ao\/index.php\/wp-json\/wp\/v2\/comments?post=3016"}],"version-history":[{"count":1,"href":"https:\/\/www.radiomais.ao\/index.php\/wp-json\/wp\/v2\/posts\/3016\/revisions"}],"predecessor-version":[{"id":3018,"href":"https:\/\/www.radiomais.ao\/index.php\/wp-json\/wp\/v2\/posts\/3016\/revisions\/3018"}],"wp:featuredmedia":[{"embeddable":true,"href":"https:\/\/www.radiomais.ao\/index.php\/wp-json\/wp\/v2\/media\/3017"}],"wp:attachment":[{"href":"https:\/\/www.radiomais.ao\/index.php\/wp-json\/wp\/v2\/media?parent=3016"}],"wp:term":[{"taxonomy":"category","embeddable":true,"href":"https:\/\/www.radiomais.ao\/index.php\/wp-json\/wp\/v2\/categories?post=3016"},{"taxonomy":"post_tag","embeddable":true,"href":"https:\/\/www.radiomais.ao\/index.php\/wp-json\/wp\/v2\/tags?post=3016"}],"curies":[{"name":"wp","href":"https:\/\/api.w.org\/{rel}","templated":true}]}}