{"id":3023,"date":"2025-11-28T13:14:26","date_gmt":"2025-11-28T12:14:26","guid":{"rendered":"https:\/\/www.radiomais.ao\/?p=3023"},"modified":"2025-11-28T13:14:26","modified_gmt":"2025-11-28T12:14:26","slug":"volkswagen-conclui-grande-expansao-de-pd-na-china","status":"publish","type":"post","link":"https:\/\/www.radiomais.ao\/index.php\/2025\/11\/28\/volkswagen-conclui-grande-expansao-de-pd-na-china\/","title":{"rendered":"Volkswagen conclui grande expans\u00e3o de P&amp;D na China."},"content":{"rendered":"\n<p><strong>Com a inaugura\u00e7\u00e3o de novas oficinas de teste, a Volkswagen Group China Technology Company (VCTC) concluiu a expans\u00e3o principal de seu centro de P&amp;D em Hefei, capital da prov\u00edncia de Anhui, no leste da China, estabelecendo-o como a primeira e maior base integrada da Volkswagen fora da Alemanha, com capacidade para desenvolvimento e valida\u00e7\u00e3o de ve\u00edculos em todo o processo<\/strong>. Fonte <strong><em><a href=\"https:\/\/www.opais.ao\/economia\/volkswagen-conclui-grande-expansao-de-pd-na-china\/\">Opa\u00eds<\/a><\/em><\/strong><\/p>\n","protected":false},"excerpt":{"rendered":"<p>Com a inaugura\u00e7\u00e3o de novas oficinas de teste, a Volkswagen Group China Technology Company (VCTC) concluiu a expans\u00e3o principal de seu centro de P&amp;D em Hefei, capital da prov\u00edncia de Anhui, no leste da China, estabelecendo-o como a primeira e maior base integrada da Volkswagen fora da Alemanha, com capacidade para desenvolvimento e valida\u00e7\u00e3o de [&hellip;]<\/p>\n","protected":false},"author":3,"featured_media":3024,"comment_status":"open","ping_status":"open","sticky":false,"template":"","format":"standard","meta":{"footnotes":""},"categories":[16],"tags":[794,1154,1153],"class_list":["post-3023","post","type-post","status-publish","format-standard","has-post-thumbnail","hentry","category-actualidade","tag-china","tag-expansao","tag-volkswagem"],"blocksy_meta":[],"_links":{"self":[{"href":"https:\/\/www.radiomais.ao\/index.php\/wp-json\/wp\/v2\/posts\/3023","targetHints":{"allow":["GET"]}}],"collection":[{"href":"https:\/\/www.radiomais.ao\/index.php\/wp-json\/wp\/v2\/posts"}],"about":[{"href":"https:\/\/www.radiomais.ao\/index.php\/wp-json\/wp\/v2\/types\/post"}],"author":[{"embeddable":true,"href":"https:\/\/www.radiomais.ao\/index.php\/wp-json\/wp\/v2\/users\/3"}],"replies":[{"embeddable":true,"href":"https:\/\/www.radiomais.ao\/index.php\/wp-json\/wp\/v2\/comments?post=3023"}],"version-history":[{"count":1,"href":"https:\/\/www.radiomais.ao\/index.php\/wp-json\/wp\/v2\/posts\/3023\/revisions"}],"predecessor-version":[{"id":3025,"href":"https:\/\/www.radiomais.ao\/index.php\/wp-json\/wp\/v2\/posts\/3023\/revisions\/3025"}],"wp:featuredmedia":[{"embeddable":true,"href":"https:\/\/www.radiomais.ao\/index.php\/wp-json\/wp\/v2\/media\/3024"}],"wp:attachment":[{"href":"https:\/\/www.radiomais.ao\/index.php\/wp-json\/wp\/v2\/media?parent=3023"}],"wp:term":[{"taxonomy":"category","embeddable":true,"href":"https:\/\/www.radiomais.ao\/index.php\/wp-json\/wp\/v2\/categories?post=3023"},{"taxonomy":"post_tag","embeddable":true,"href":"https:\/\/www.radiomais.ao\/index.php\/wp-json\/wp\/v2\/tags?post=3023"}],"curies":[{"name":"wp","href":"https:\/\/api.w.org\/{rel}","templated":true}]}}