{"id":3029,"date":"2025-11-28T13:24:40","date_gmt":"2025-11-28T12:24:40","guid":{"rendered":"https:\/\/www.radiomais.ao\/?p=3029"},"modified":"2025-11-28T13:24:40","modified_gmt":"2025-11-28T12:24:40","slug":"venezuela-revoga-licencas-de-operacao-de-varias-companhias-aereas","status":"publish","type":"post","link":"https:\/\/www.radiomais.ao\/index.php\/2025\/11\/28\/venezuela-revoga-licencas-de-operacao-de-varias-companhias-aereas\/","title":{"rendered":"Venezuela revoga licen\u00e7as de opera\u00e7\u00e3o de v\u00e1rias companhias a\u00e9reas."},"content":{"rendered":"\n<p><strong>O Governo venezuelano cumpriu a amea\u00e7a e revogou as licen\u00e7as de opera\u00e7\u00e3o de v\u00e1rias companhias a\u00e9reas internacionais, entre as quais a TAP, acusando-as de se \u201cunirem aos actos de terrorismo\u201d promovidos pelos EuA<\/strong>. Fonte <strong><em><a href=\"https:\/\/www.opais.ao\/economia\/venezuela-revoga-licencas-de-operacao-de-varias-companhias-aereas\/\">Opa\u00eds<\/a><\/em><\/strong><\/p>\n\n\n\n<p><\/p>\n","protected":false},"excerpt":{"rendered":"<p>O Governo venezuelano cumpriu a amea\u00e7a e revogou as licen\u00e7as de opera\u00e7\u00e3o de v\u00e1rias companhias a\u00e9reas internacionais, entre as quais a TAP, acusando-as de se \u201cunirem aos actos de terrorismo\u201d promovidos pelos EuA. Fonte Opa\u00eds<\/p>\n","protected":false},"author":3,"featured_media":3030,"comment_status":"open","ping_status":"open","sticky":false,"template":"","format":"standard","meta":{"footnotes":""},"categories":[16],"tags":[1161,1160,1159],"class_list":["post-3029","post","type-post","status-publish","format-standard","has-post-thumbnail","hentry","category-actualidade","tag-companhia","tag-licencas","tag-venezuela"],"blocksy_meta":[],"_links":{"self":[{"href":"https:\/\/www.radiomais.ao\/index.php\/wp-json\/wp\/v2\/posts\/3029","targetHints":{"allow":["GET"]}}],"collection":[{"href":"https:\/\/www.radiomais.ao\/index.php\/wp-json\/wp\/v2\/posts"}],"about":[{"href":"https:\/\/www.radiomais.ao\/index.php\/wp-json\/wp\/v2\/types\/post"}],"author":[{"embeddable":true,"href":"https:\/\/www.radiomais.ao\/index.php\/wp-json\/wp\/v2\/users\/3"}],"replies":[{"embeddable":true,"href":"https:\/\/www.radiomais.ao\/index.php\/wp-json\/wp\/v2\/comments?post=3029"}],"version-history":[{"count":1,"href":"https:\/\/www.radiomais.ao\/index.php\/wp-json\/wp\/v2\/posts\/3029\/revisions"}],"predecessor-version":[{"id":3031,"href":"https:\/\/www.radiomais.ao\/index.php\/wp-json\/wp\/v2\/posts\/3029\/revisions\/3031"}],"wp:featuredmedia":[{"embeddable":true,"href":"https:\/\/www.radiomais.ao\/index.php\/wp-json\/wp\/v2\/media\/3030"}],"wp:attachment":[{"href":"https:\/\/www.radiomais.ao\/index.php\/wp-json\/wp\/v2\/media?parent=3029"}],"wp:term":[{"taxonomy":"category","embeddable":true,"href":"https:\/\/www.radiomais.ao\/index.php\/wp-json\/wp\/v2\/categories?post=3029"},{"taxonomy":"post_tag","embeddable":true,"href":"https:\/\/www.radiomais.ao\/index.php\/wp-json\/wp\/v2\/tags?post=3029"}],"curies":[{"name":"wp","href":"https:\/\/api.w.org\/{rel}","templated":true}]}}