{"id":3032,"date":"2025-11-28T13:33:33","date_gmt":"2025-11-28T12:33:33","guid":{"rendered":"https:\/\/www.radiomais.ao\/?p=3032"},"modified":"2025-11-28T13:33:33","modified_gmt":"2025-11-28T12:33:33","slug":"ministro-do-interior-felicita-o-sic-pelo-50-aniversario-de-institucionalizacao","status":"publish","type":"post","link":"https:\/\/www.radiomais.ao\/index.php\/2025\/11\/28\/ministro-do-interior-felicita-o-sic-pelo-50-aniversario-de-institucionalizacao\/","title":{"rendered":"Ministro do Interior felicita o SIC pelo 50\u00b0 anivers\u00e1rio de institucionaliza\u00e7\u00e3o."},"content":{"rendered":"\n<p>O ministro do Interior, Manuel Homem, felicitou nesta sexta-feira, 28, o Servi\u00e7o de Investiga\u00e7\u00e3o Criminal (SIC) pelo 50\u00b0 anivers\u00e1rio de institucionaliza\u00e7\u00e3o que hoje comemora, considerando como um feito alcan\u00e7ado com muito sacrif\u00edcio, suor, firmeza e aud\u00e1cia, na busca pela veracidade das diferentes tipologias criminais e modus operandi que se acometiam a este \u00f3rg\u00e3o especializado de pol\u00edcia criminal. Fonte <strong><em><a href=\"https:\/\/www.opais.ao\/ultimas_hora\/ministro-do-interior-felicita-o-sic-pelo-50-aniversario-de-institucionalizacao\/\">Opa\u00eds<\/a><\/em><\/strong><\/p>\n","protected":false},"excerpt":{"rendered":"<p>O ministro do Interior, Manuel Homem, felicitou nesta sexta-feira, 28, o Servi\u00e7o de Investiga\u00e7\u00e3o Criminal (SIC) pelo 50\u00b0 anivers\u00e1rio de institucionaliza\u00e7\u00e3o que hoje comemora, considerando como um feito alcan\u00e7ado com muito sacrif\u00edcio, suor, firmeza e aud\u00e1cia, na busca pela veracidade das diferentes tipologias criminais e modus operandi que se acometiam a este \u00f3rg\u00e3o especializado de [&hellip;]<\/p>\n","protected":false},"author":3,"featured_media":3033,"comment_status":"open","ping_status":"open","sticky":false,"template":"","format":"standard","meta":{"footnotes":""},"categories":[16],"tags":[1162,1164,1163],"class_list":["post-3032","post","type-post","status-publish","format-standard","has-post-thumbnail","hentry","category-actualidade","tag-50o-anos-sic","tag-felicita","tag-ministro-do-interior"],"blocksy_meta":[],"_links":{"self":[{"href":"https:\/\/www.radiomais.ao\/index.php\/wp-json\/wp\/v2\/posts\/3032","targetHints":{"allow":["GET"]}}],"collection":[{"href":"https:\/\/www.radiomais.ao\/index.php\/wp-json\/wp\/v2\/posts"}],"about":[{"href":"https:\/\/www.radiomais.ao\/index.php\/wp-json\/wp\/v2\/types\/post"}],"author":[{"embeddable":true,"href":"https:\/\/www.radiomais.ao\/index.php\/wp-json\/wp\/v2\/users\/3"}],"replies":[{"embeddable":true,"href":"https:\/\/www.radiomais.ao\/index.php\/wp-json\/wp\/v2\/comments?post=3032"}],"version-history":[{"count":1,"href":"https:\/\/www.radiomais.ao\/index.php\/wp-json\/wp\/v2\/posts\/3032\/revisions"}],"predecessor-version":[{"id":3034,"href":"https:\/\/www.radiomais.ao\/index.php\/wp-json\/wp\/v2\/posts\/3032\/revisions\/3034"}],"wp:featuredmedia":[{"embeddable":true,"href":"https:\/\/www.radiomais.ao\/index.php\/wp-json\/wp\/v2\/media\/3033"}],"wp:attachment":[{"href":"https:\/\/www.radiomais.ao\/index.php\/wp-json\/wp\/v2\/media?parent=3032"}],"wp:term":[{"taxonomy":"category","embeddable":true,"href":"https:\/\/www.radiomais.ao\/index.php\/wp-json\/wp\/v2\/categories?post=3032"},{"taxonomy":"post_tag","embeddable":true,"href":"https:\/\/www.radiomais.ao\/index.php\/wp-json\/wp\/v2\/tags?post=3032"}],"curies":[{"name":"wp","href":"https:\/\/api.w.org\/{rel}","templated":true}]}}