{"id":3035,"date":"2025-11-28T15:06:19","date_gmt":"2025-11-28T14:06:19","guid":{"rendered":"https:\/\/www.radiomais.ao\/?p=3035"},"modified":"2025-11-28T15:06:19","modified_gmt":"2025-11-28T14:06:19","slug":"vilas-piscatorias-reanimam-esperanca-de-pescadores-da-costa-sul-de-luanda","status":"publish","type":"post","link":"https:\/\/www.radiomais.ao\/index.php\/2025\/11\/28\/vilas-piscatorias-reanimam-esperanca-de-pescadores-da-costa-sul-de-luanda\/","title":{"rendered":"Vilas piscat\u00f3rias reanimam esperan\u00e7a de pescadores da costa sul de Luanda."},"content":{"rendered":"\n<p><strong>Foi atrav\u00e9s do Decreto presidencial n\u00famero 236\/25, plasmado em Di\u00e1rio da Rep\u00fablica de 18 de Novembro de 2025, I S\u00e9rie \u2013 N.\u00ba 218, que aprova o programa Nacional para o Desenvolvimento das Vilas piscat\u00f3rias (pNDVp), captado por algumas cooperativas, que alguns pescadores e investidores do ramo ficaram a saber da nova pol\u00edtica do Governo<\/strong>. Fonte <strong><em><a href=\"https:\/\/www.opais.ao\/sociedade\/vilas-piscatorias-reanimam-esperanca-de-pescadores-da-costa-sul-de-luanda\/\">Opa\u00eds<\/a><\/em><\/strong><\/p>\n","protected":false},"excerpt":{"rendered":"<p>Foi atrav\u00e9s do Decreto presidencial n\u00famero 236\/25, plasmado em Di\u00e1rio da Rep\u00fablica de 18 de Novembro de 2025, I S\u00e9rie \u2013 N.\u00ba 218, que aprova o programa Nacional para o Desenvolvimento das Vilas piscat\u00f3rias (pNDVp), captado por algumas cooperativas, que alguns pescadores e investidores do ramo ficaram a saber da nova pol\u00edtica do Governo. Fonte [&hellip;]<\/p>\n","protected":false},"author":3,"featured_media":3036,"comment_status":"open","ping_status":"open","sticky":false,"template":"","format":"standard","meta":{"footnotes":""},"categories":[16],"tags":[829,1166,1165],"class_list":["post-3035","post","type-post","status-publish","format-standard","has-post-thumbnail","hentry","category-actualidade","tag-pescadores","tag-reanimadas","tag-vilas-piscatorias"],"blocksy_meta":[],"_links":{"self":[{"href":"https:\/\/www.radiomais.ao\/index.php\/wp-json\/wp\/v2\/posts\/3035","targetHints":{"allow":["GET"]}}],"collection":[{"href":"https:\/\/www.radiomais.ao\/index.php\/wp-json\/wp\/v2\/posts"}],"about":[{"href":"https:\/\/www.radiomais.ao\/index.php\/wp-json\/wp\/v2\/types\/post"}],"author":[{"embeddable":true,"href":"https:\/\/www.radiomais.ao\/index.php\/wp-json\/wp\/v2\/users\/3"}],"replies":[{"embeddable":true,"href":"https:\/\/www.radiomais.ao\/index.php\/wp-json\/wp\/v2\/comments?post=3035"}],"version-history":[{"count":1,"href":"https:\/\/www.radiomais.ao\/index.php\/wp-json\/wp\/v2\/posts\/3035\/revisions"}],"predecessor-version":[{"id":3037,"href":"https:\/\/www.radiomais.ao\/index.php\/wp-json\/wp\/v2\/posts\/3035\/revisions\/3037"}],"wp:featuredmedia":[{"embeddable":true,"href":"https:\/\/www.radiomais.ao\/index.php\/wp-json\/wp\/v2\/media\/3036"}],"wp:attachment":[{"href":"https:\/\/www.radiomais.ao\/index.php\/wp-json\/wp\/v2\/media?parent=3035"}],"wp:term":[{"taxonomy":"category","embeddable":true,"href":"https:\/\/www.radiomais.ao\/index.php\/wp-json\/wp\/v2\/categories?post=3035"},{"taxonomy":"post_tag","embeddable":true,"href":"https:\/\/www.radiomais.ao\/index.php\/wp-json\/wp\/v2\/tags?post=3035"}],"curies":[{"name":"wp","href":"https:\/\/api.w.org\/{rel}","templated":true}]}}