{"id":3038,"date":"2025-11-28T15:24:02","date_gmt":"2025-11-28T14:24:02","guid":{"rendered":"https:\/\/www.radiomais.ao\/?p=3038"},"modified":"2025-11-28T15:24:02","modified_gmt":"2025-11-28T14:24:02","slug":"empossados-novos-presidentes-das-camaras-do-tribunal-supremo","status":"publish","type":"post","link":"https:\/\/www.radiomais.ao\/index.php\/2025\/11\/28\/empossados-novos-presidentes-das-camaras-do-tribunal-supremo\/","title":{"rendered":"Empossados novos presidentes das C\u00e2maras do Tribunal Supremo."},"content":{"rendered":"\n<p>A cerim\u00f3nia, realizada na sede do Tribunal Supremo, marcou a tomada de posse do venerando juiz conselheiro Dr. Domingos da Costa Mesquita, como presidente da C\u00e2mara Criminal, da veneranda ju\u00edza conselheira Dra. Anabela Mendes Vidinhas, como presidente da C\u00e2mara do C\u00edvel; e do venerando juiz conselheiro Dr. Norberto Mois\u00e9s Moma Cape\u00e7a, que assumiu a presid\u00eancia da C\u00e2mara do Trabalho. Fonte <strong><em><a href=\"https:\/\/www.opais.ao\/politica\/empossados-novos-presidentes-das-camaras-do-tribunal-supremo\/\">Opa\u00eds<\/a><\/em><\/strong><\/p>\n","protected":false},"excerpt":{"rendered":"<p>A cerim\u00f3nia, realizada na sede do Tribunal Supremo, marcou a tomada de posse do venerando juiz conselheiro Dr. Domingos da Costa Mesquita, como presidente da C\u00e2mara Criminal, da veneranda ju\u00edza conselheira Dra. Anabela Mendes Vidinhas, como presidente da C\u00e2mara do C\u00edvel; e do venerando juiz conselheiro Dr. Norberto Mois\u00e9s Moma Cape\u00e7a, que assumiu a presid\u00eancia [&hellip;]<\/p>\n","protected":false},"author":3,"featured_media":3040,"comment_status":"open","ping_status":"open","sticky":false,"template":"","format":"standard","meta":{"footnotes":""},"categories":[16],"tags":[1167,990,536],"class_list":["post-3038","post","type-post","status-publish","format-standard","has-post-thumbnail","hentry","category-actualidade","tag-empossados","tag-novos","tag-tc"],"blocksy_meta":[],"_links":{"self":[{"href":"https:\/\/www.radiomais.ao\/index.php\/wp-json\/wp\/v2\/posts\/3038","targetHints":{"allow":["GET"]}}],"collection":[{"href":"https:\/\/www.radiomais.ao\/index.php\/wp-json\/wp\/v2\/posts"}],"about":[{"href":"https:\/\/www.radiomais.ao\/index.php\/wp-json\/wp\/v2\/types\/post"}],"author":[{"embeddable":true,"href":"https:\/\/www.radiomais.ao\/index.php\/wp-json\/wp\/v2\/users\/3"}],"replies":[{"embeddable":true,"href":"https:\/\/www.radiomais.ao\/index.php\/wp-json\/wp\/v2\/comments?post=3038"}],"version-history":[{"count":1,"href":"https:\/\/www.radiomais.ao\/index.php\/wp-json\/wp\/v2\/posts\/3038\/revisions"}],"predecessor-version":[{"id":3041,"href":"https:\/\/www.radiomais.ao\/index.php\/wp-json\/wp\/v2\/posts\/3038\/revisions\/3041"}],"wp:featuredmedia":[{"embeddable":true,"href":"https:\/\/www.radiomais.ao\/index.php\/wp-json\/wp\/v2\/media\/3040"}],"wp:attachment":[{"href":"https:\/\/www.radiomais.ao\/index.php\/wp-json\/wp\/v2\/media?parent=3038"}],"wp:term":[{"taxonomy":"category","embeddable":true,"href":"https:\/\/www.radiomais.ao\/index.php\/wp-json\/wp\/v2\/categories?post=3038"},{"taxonomy":"post_tag","embeddable":true,"href":"https:\/\/www.radiomais.ao\/index.php\/wp-json\/wp\/v2\/tags?post=3038"}],"curies":[{"name":"wp","href":"https:\/\/api.w.org\/{rel}","templated":true}]}}