{"id":3056,"date":"2025-12-02T11:12:12","date_gmt":"2025-12-02T10:12:12","guid":{"rendered":"https:\/\/www.radiomais.ao\/?p=3056"},"modified":"2025-12-02T11:12:12","modified_gmt":"2025-12-02T10:12:12","slug":"angola-enfrenta-desafios-criticos-no-combate-ao-vih-sida-alerta-anaso","status":"publish","type":"post","link":"https:\/\/www.radiomais.ao\/index.php\/2025\/12\/02\/angola-enfrenta-desafios-criticos-no-combate-ao-vih-sida-alerta-anaso\/","title":{"rendered":"Angola enfrenta desafios cr\u00edticos no combate ao VIH\/Sida, alerta ANASO."},"content":{"rendered":"\n<p>O presidente da ANASO, Ant\u00f3nio Coelho, aconselha as autoridades governamentais a aumentarem a mobiliza\u00e7\u00e3o de recursos dom\u00e9sticos para reduzir a depend\u00eancia de doadores internacionais, uma vez que se regista uma redu\u00e7\u00e3o de financiamento externo. \u201cO nosso apelo \u00e9 claro. S\u00f3 vencendo os desafios podemos fortalecer a resposta ao VIH e Sida em Angola\u201d, advertiu numa mensagem divulgada por ocasi\u00e3o do Dia Mundial da SIDA. Fonte <strong><em><a href=\"https:\/\/www.opais.ao\/sociedade\/angola-enfrenta-desafios-criticos-no-combate-ao-vih-sida-alerta-anaso\/\">Opa\u00eds<\/a><\/em><\/strong><\/p>\n\n\n\n<p><\/p>\n","protected":false},"excerpt":{"rendered":"<p>O presidente da ANASO, Ant\u00f3nio Coelho, aconselha as autoridades governamentais a aumentarem a mobiliza\u00e7\u00e3o de recursos dom\u00e9sticos para reduzir a depend\u00eancia de doadores internacionais, uma vez que se regista uma redu\u00e7\u00e3o de financiamento externo. \u201cO nosso apelo \u00e9 claro. S\u00f3 vencendo os desafios podemos fortalecer a resposta ao VIH e Sida em Angola\u201d, advertiu numa [&hellip;]<\/p>\n","protected":false},"author":3,"featured_media":3057,"comment_status":"open","ping_status":"open","sticky":false,"template":"","format":"standard","meta":{"footnotes":""},"categories":[16],"tags":[75,1175,1177,82],"class_list":["post-3056","post","type-post","status-publish","format-standard","has-post-thumbnail","hentry","category-actualidade","tag-angola","tag-desafios","tag-naso","tag-sida"],"blocksy_meta":[],"_links":{"self":[{"href":"https:\/\/www.radiomais.ao\/index.php\/wp-json\/wp\/v2\/posts\/3056","targetHints":{"allow":["GET"]}}],"collection":[{"href":"https:\/\/www.radiomais.ao\/index.php\/wp-json\/wp\/v2\/posts"}],"about":[{"href":"https:\/\/www.radiomais.ao\/index.php\/wp-json\/wp\/v2\/types\/post"}],"author":[{"embeddable":true,"href":"https:\/\/www.radiomais.ao\/index.php\/wp-json\/wp\/v2\/users\/3"}],"replies":[{"embeddable":true,"href":"https:\/\/www.radiomais.ao\/index.php\/wp-json\/wp\/v2\/comments?post=3056"}],"version-history":[{"count":1,"href":"https:\/\/www.radiomais.ao\/index.php\/wp-json\/wp\/v2\/posts\/3056\/revisions"}],"predecessor-version":[{"id":3058,"href":"https:\/\/www.radiomais.ao\/index.php\/wp-json\/wp\/v2\/posts\/3056\/revisions\/3058"}],"wp:featuredmedia":[{"embeddable":true,"href":"https:\/\/www.radiomais.ao\/index.php\/wp-json\/wp\/v2\/media\/3057"}],"wp:attachment":[{"href":"https:\/\/www.radiomais.ao\/index.php\/wp-json\/wp\/v2\/media?parent=3056"}],"wp:term":[{"taxonomy":"category","embeddable":true,"href":"https:\/\/www.radiomais.ao\/index.php\/wp-json\/wp\/v2\/categories?post=3056"},{"taxonomy":"post_tag","embeddable":true,"href":"https:\/\/www.radiomais.ao\/index.php\/wp-json\/wp\/v2\/tags?post=3056"}],"curies":[{"name":"wp","href":"https:\/\/api.w.org\/{rel}","templated":true}]}}